{"id":181939,"date":"2025-12-09T21:15:25","date_gmt":"2025-12-09T21:15:25","guid":{"rendered":"https:\/\/www.europesays.com\/pt\/181939\/"},"modified":"2025-12-09T21:15:25","modified_gmt":"2025-12-09T21:15:25","slug":"eutanasia-ucrania-e-greve-geral-em-foco","status":"publish","type":"post","link":"https:\/\/www.europesays.com\/pt\/181939\/","title":{"rendered":"Eutan\u00e1sia, Ucr\u00e2nia e Greve Geral em Foco"},"content":{"rendered":"<p>Da Eutan\u00e1sia \u00e0 guerra na Ucr\u00e2nia e ao papel da UE na pol\u00edtica externa e terminando na greve geral desta quinta-feira, o debate entre Ant\u00f3nio Filipe e Jorge Pinto levou os dois candidatos apoiados por partidos \u00e0 esquerda (CDU e Livre, respetivamente), a querer marcar diferen\u00e7as.<\/p>\n<p>O frente a frente desta segunda-feira, 8 de dezembro, come\u00e7ou por um tema onde j\u00e1 era sabido que ambos os candidatos tinham posicionamentos diferentes: a eutan\u00e1sia. Coube a Ant\u00f3nio Filipe abrir as hostilidades, com o ex-deputado comunista a defender que a lei (que ainda aguarda regulamenta\u00e7\u00e3o por parte do Governo) &#8220;n\u00e3o deve&#8221; regressar ao Parlamento, onde j\u00e1 foi aprovada. Apesar de ter reservas e de preferir o &#8220;outro \u00e2ngulo&#8221; (de ter uma sociedade onde h\u00e1 cuidados paliativos para quem mais precisa), n\u00e3o haveria d\u00favidas de que promulgaria a lei. No entanto, iria questionar &#8220;quando e se o Governo&#8221; regulamentaria o diploma. Jorge Pinto, por seu lado, defendeu ser a favor de dar &#8220;dignidade&#8221; a quem optar pela eutan\u00e1sia e criticou o facto de a lei &#8220;estar na gaveta&#8221; ap\u00f3s ter sido aprovada pelo Parlamento e promulgada pelo Presidente da Rep\u00fablica.<\/p>\n<p>Passando depois para o que levou ambos os candidatos a decidirem entrar na corrida a Bel\u00e9m, <strong>o deputado do Livre justificou o an\u00fancio &#8220;\u00e0 25.\u00aa hora&#8221; da sua candidatura: havia a esperan\u00e7a de uma candidatura abrangente \u00e0 esquerda<\/strong>. N\u00e3o existindo essa hip\u00f3tese, decidiu chegar-se \u00e0 frente para poder dar &#8220;diversidade&#8221; \u00e0 esquerda, algo que considerou n\u00e3o ser &#8220;mau&#8221;. J\u00e1 <strong>Ant\u00f3nio Filipe autointitulou-se como o candidato defensor dos valores do 25 de Abril e contra o que diz ser o &#8220;consenso neoliberal&#8221; reinante no pa\u00eds h\u00e1 v\u00e1rias d\u00e9cadas.<\/strong><\/p>\n<p>Mas foi o t\u00f3pico seguinte (a pol\u00edtica externa e o posicionamento da UE perante o conflito na Ucr\u00e2nia) que fez ambos os candidatos tentarem marcar mais diferen\u00e7as. <strong>Ant\u00f3nio Filipe intitulou-se como &#8220;patri\u00f3tico&#8221; e disse n\u00e3o ser um candidato &#8220;eurodependente&#8221;, tentando demarcar-se de Vladimir Putin, Ursula von der Leyen ou Donald Trump, com os quais disse n\u00e3o ter &#8220;nada a ver&#8221;<\/strong>. Antes, Jorge Pinto j\u00e1 dissera que &#8220;em 2025, ser patriota \u00e9 ter uma voz no projeto europeu&#8221;. A discuss\u00e3o esteve largos minutos focada neste tema e, a certa altura, <strong>o candidato apoiado pelo Livre perguntou mesmo a Ant\u00f3nio Filipe se \u00e9 &#8220;t\u00e3o cr\u00edtico&#8221; de Zelensky como de Putin<\/strong>. O candidato apoiado pela CDU respondeu de forma perent\u00f3ria: &#8220;Claro que sim.&#8221; <strong>E reiterou (como j\u00e1 fizera noutros debates) que n\u00e3o h\u00e1 ningu\u00e9m em Portugal &#8220;mais distante de Putin&#8221; do que o PCP<\/strong>. Tal como fizera no frente a frente com Gouveia e Melo, reiterou ainda que o caminho do conflito na Ucr\u00e2nia deve ser o da paz, mas que devem ser as partes a chegar a um acordo. <strong>Isto levou Jorge Pinto a constatar que existe &#8220;uma clivagem&#8221; consider\u00e1vel entre ambos os candidatos, e defendeu-se dizendo ser um &#8220;pacifista&#8221;.<\/strong><\/p>\n<p>A aproxima\u00e7\u00e3o entre ambos &#8211; mas ainda algo distantes &#8211; surgiria j\u00e1 no final da discuss\u00e3o, com o tema da greve geral. Aqui, <strong>ambos os candidatos criticaram o Governo e a forma como quer mexer no C\u00f3digo do Trabalho.<\/strong> <strong>Jorge Pinto disse que o Executivo est\u00e1 a atacar os direitos de quem trabalha e Ant\u00f3nio Filipe mostrou-se esperan\u00e7oso numa derrota do pacote laboral &#8220;ainda antes das elei\u00e7\u00f5es presidenciais&#8221;.<\/strong> O comunista acusou ainda, pelo meio, o seu oponente de n\u00e3o se distanciar do tal &#8220;consenso neoliberal&#8221; neste aspeto &#8211; algo que Jorge Pinto assumiu &#8220;estranhar&#8221;.<\/p>\n<p>O pr\u00f3ximo debate presidencial acontece esta ter\u00e7a-feira, 9 de dezembro, ser\u00e1 transmitido na SIC (21h00), e vai colocar frente a frente Henrique Gouveia e Melo e Ant\u00f3nio Jos\u00e9 Seguro.<\/p>\n<p>Leia em baixo o &#8216;filme&#8217; do debate entre Ant\u00f3nio Filipe e Jorge Pinto:<\/p>\n","protected":false},"excerpt":{"rendered":"Da Eutan\u00e1sia \u00e0 guerra na Ucr\u00e2nia e ao papel da UE na pol\u00edtica externa e terminando na greve&hellip;\n","protected":false},"author":2,"featured_media":181940,"comment_status":"","ping_status":"","sticky":false,"template":"","format":"standard","meta":{"footnotes":""},"categories":[10],"tags":[17462,27,28,37181,1705,15,16,14,28245,25,26,21,22,12,13,19,20,52,32,1076,23,24,33,17,18,29,30,31],"class_list":{"0":"post-181939","1":"post","2":"type-post","3":"status-publish","4":"format-standard","5":"has-post-thumbnail","7":"category-portugal","8":"tag-antonio-filipe","9":"tag-breaking-news","10":"tag-breakingnews","11":"tag-debate-presidencial","12":"tag-eleicoes-presidenciais","13":"tag-featured-news","14":"tag-featurednews","15":"tag-headlines","16":"tag-jorge-pinto","17":"tag-latest-news","18":"tag-latestnews","19":"tag-main-news","20":"tag-mainnews","21":"tag-news","22":"tag-noticias","23":"tag-noticias-principais","24":"tag-noticiasprincipais","25":"tag-politica","26":"tag-portugal","27":"tag-presidenciais-2026","28":"tag-principais-noticias","29":"tag-principaisnoticias","30":"tag-pt","31":"tag-top-stories","32":"tag-topstories","33":"tag-ultimas","34":"tag-ultimas-noticias","35":"tag-ultimasnoticias"},"share_on_mastodon":{"url":"https:\/\/pubeurope.com\/@pt\/115691685397068326","error":""},"_links":{"self":[{"href":"https:\/\/www.europesays.com\/pt\/wp-json\/wp\/v2\/posts\/181939","targetHints":{"allow":["GET"]}}],"collection":[{"href":"https:\/\/www.europesays.com\/pt\/wp-json\/wp\/v2\/posts"}],"about":[{"href":"https:\/\/www.europesays.com\/pt\/wp-json\/wp\/v2\/types\/post"}],"author":[{"embeddable":true,"href":"https:\/\/www.europesays.com\/pt\/wp-json\/wp\/v2\/users\/2"}],"replies":[{"embeddable":true,"href":"https:\/\/www.europesays.com\/pt\/wp-json\/wp\/v2\/comments?post=181939"}],"version-history":[{"count":0,"href":"https:\/\/www.europesays.com\/pt\/wp-json\/wp\/v2\/posts\/181939\/revisions"}],"wp:featuredmedia":[{"embeddable":true,"href":"https:\/\/www.europesays.com\/pt\/wp-json\/wp\/v2\/media\/181940"}],"wp:attachment":[{"href":"https:\/\/www.europesays.com\/pt\/wp-json\/wp\/v2\/media?parent=181939"}],"wp:term":[{"taxonomy":"category","embeddable":true,"href":"https:\/\/www.europesays.com\/pt\/wp-json\/wp\/v2\/categories?post=181939"},{"taxonomy":"post_tag","embeddable":true,"href":"https:\/\/www.europesays.com\/pt\/wp-json\/wp\/v2\/tags?post=181939"}],"curies":[{"name":"wp","href":"https:\/\/api.w.org\/{rel}","templated":true}]}}