{"id":181943,"date":"2025-12-09T21:18:18","date_gmt":"2025-12-09T21:18:18","guid":{"rendered":"https:\/\/www.europesays.com\/pt\/181943\/"},"modified":"2025-12-09T21:18:18","modified_gmt":"2025-12-09T21:18:18","slug":"miss-universo-equipe-relata-irritacao-pos-entrevista-09-12-2025-de-faixa-a-coroa","status":"publish","type":"post","link":"https:\/\/www.europesays.com\/pt\/181943\/","title":{"rendered":"Miss Universo: Equipe relata irrita\u00e7\u00e3o p\u00f3s entrevista &#8211; 09\/12\/2025 &#8211; De faixa a coroa"},"content":{"rendered":"<p>\n<strong class=\"c-signature__location\">S\u00e3o Paulo<\/strong>\n<\/p>\n<p>Novos detalhes sobre a sa\u00edda abrupta de <a href=\"https:\/\/f5.folha.uol.com.br\/colunistas\/de-faixa-a-coroa\/2025\/12\/miss-universo-2025-eu-mereco-esta-coroa-diz-mexicana-sobre-possivel-renuncia-veja-video.shtml\" rel=\"nofollow noopener\" target=\"\">Fatima Bosch<\/a>, 25, <a href=\"https:\/\/www1.folha.uol.com.br\/folha-topicos\/miss-universo\/\" rel=\"nofollow noopener\" target=\"_blank\">Miss Universo<\/a> 2025, dos est\u00fadios da Telemundo vieram \u00e0 tona. Ap\u00f3s <a href=\"https:\/\/f5.folha.uol.com.br\/colunistas\/de-faixa-a-coroa\/2025\/12\/apos-mentir-miss-universo-2025-abandona-programa-ao-vivo-na-tv.shtml\" rel=\"nofollow noopener\" target=\"\">abandonar a entrevista ao vivo<\/a> na noite de domingo (7), a mexicana teria devolvido o figurino no camarim \u00e0s pressas, recusado o transporte da emissora e, bastante irritada, deixado o local por conta pr\u00f3pria.<\/p>\n<p>  <a href=\"https:\/\/f5.folha.uol.com.br\/colunistas\/de-faixa-a-coroa\/\" rel=\"nofollow noopener\" target=\"_blank\"><br \/>\n    <img decoding=\"async\" src=\"https:\/\/www.europesays.com\/pt\/wp-content\/uploads\/2025\/08\/16820262856441af2d8b704_1682026285_1x1_xs.jpg\" alt=\"Foto de De faixa a coroa\" class=\"img-responsive c-lazyload\"\/><\/p>\n<p>  <\/a><\/p>\n<p class=\"author__description\">\n    F\u00e1bio Lu\u00eds de Paula \u00e9 jornalista especializado na cobertura de concursos de beleza, sendo os principais deles o Miss Brasil e o Miss Universo.\n  <\/p>\n","protected":false},"excerpt":{"rendered":"S\u00e3o Paulo Novos detalhes sobre a sa\u00edda abrupta de Fatima Bosch, 25, Miss Universo 2025, dos est\u00fadios da&hellip;\n","protected":false},"author":2,"featured_media":181944,"comment_status":"","ping_status":"","sticky":false,"template":"","format":"standard","meta":{"footnotes":""},"categories":[145],"tags":[219,211,210,223,37183,37182,114,115,224,225,226,221,220,222,37184,31479,34062,32,33,218,228,227],"class_list":{"0":"post-181943","1":"post","2":"type-post","3":"status-publish","4":"format-standard","5":"has-post-thumbnail","7":"category-celebridades","8":"tag-bichos","9":"tag-celebridades","10":"tag-celebrities","11":"tag-colunistas","12":"tag-concurso-de-miss-universo","13":"tag-de-faixa-a-coroa","14":"tag-entertainment","15":"tag-entretenimento","16":"tag-estranho","17":"tag-eu-amo","18":"tag-fofices","19":"tag-horoscopo","20":"tag-humanos","21":"tag-humor","22":"tag-mxico","23":"tag-miss-universo","24":"tag-miss-universo-2025","25":"tag-portugal","26":"tag-pt","27":"tag-televisao","28":"tag-tudo","29":"tag-videos"},"share_on_mastodon":{"url":"https:\/\/pubeurope.com\/@pt\/115691697691319995","error":""},"_links":{"self":[{"href":"https:\/\/www.europesays.com\/pt\/wp-json\/wp\/v2\/posts\/181943","targetHints":{"allow":["GET"]}}],"collection":[{"href":"https:\/\/www.europesays.com\/pt\/wp-json\/wp\/v2\/posts"}],"about":[{"href":"https:\/\/www.europesays.com\/pt\/wp-json\/wp\/v2\/types\/post"}],"author":[{"embeddable":true,"href":"https:\/\/www.europesays.com\/pt\/wp-json\/wp\/v2\/users\/2"}],"replies":[{"embeddable":true,"href":"https:\/\/www.europesays.com\/pt\/wp-json\/wp\/v2\/comments?post=181943"}],"version-history":[{"count":0,"href":"https:\/\/www.europesays.com\/pt\/wp-json\/wp\/v2\/posts\/181943\/revisions"}],"wp:featuredmedia":[{"embeddable":true,"href":"https:\/\/www.europesays.com\/pt\/wp-json\/wp\/v2\/media\/181944"}],"wp:attachment":[{"href":"https:\/\/www.europesays.com\/pt\/wp-json\/wp\/v2\/media?parent=181943"}],"wp:term":[{"taxonomy":"category","embeddable":true,"href":"https:\/\/www.europesays.com\/pt\/wp-json\/wp\/v2\/categories?post=181943"},{"taxonomy":"post_tag","embeddable":true,"href":"https:\/\/www.europesays.com\/pt\/wp-json\/wp\/v2\/tags?post=181943"}],"curies":[{"name":"wp","href":"https:\/\/api.w.org\/{rel}","templated":true}]}}