{"id":181945,"date":"2025-12-09T21:25:22","date_gmt":"2025-12-09T21:25:22","guid":{"rendered":"https:\/\/www.europesays.com\/pt\/181945\/"},"modified":"2025-12-09T21:25:22","modified_gmt":"2025-12-09T21:25:22","slug":"depois-de-momento-tao-angustiante-sandrina-pratas-respira-de-alivio-secret-story","status":"publish","type":"post","link":"https:\/\/www.europesays.com\/pt\/181945\/","title":{"rendered":"Depois de \u00abmomento t\u00e3o angustiante\u00bb, Sandrina Pratas respira de al\u00edvio &#8211; Secret Story"},"content":{"rendered":"<p style=\"margin-bottom:11px\">O desespero acabou. <a href=\"https:\/\/tvi.iol.pt\/secretstory\/sandrina-pratas\/06-12-2025\/nunca-iremos-esquecer-sandrina-pratas-abre-o-coracao-apos-experiencia-angustiante\" rel=\"nofollow noopener\" target=\"_blank\">Sandrina Pratas respira de al\u00edvio depois de viver momentos de grande afli\u00e7\u00e3o com o desaparecimento do c\u00e3o da filha<\/a>. Atrav\u00e9s das redes sociais, a ex-concorrente veio agradecer a quem a ajudou, sobretudo \u00e0 pessoa que encontrou o animal.<\/p>\n<p>\u00abQueremos agradecer, do fundo do cora\u00e7\u00e3o, \u00e0 fam\u00edlia que encontrou o nosso c\u00e3o. Nunca iremos esquecer a vossa bondade, o vosso cuidado e a forma t\u00e3o humana com que o acolheram at\u00e9 chegar novamente \u00e0s nossas m\u00e3os. Num momento t\u00e3o angustiante para n\u00f3s, voc\u00eas foram um verdadeiro anjo no caminho do nosso patudo. Obrigada pela vossa honestidade, aten\u00e7\u00e3o e carinho. Que Deus aben\u00e7oe a vossa fam\u00edlia! Obrigada, Alice Tom\u00e9\u00bb, relatou.<\/p>\n<p>Antes de encontrar o animal, Sandrina tinha feito um v\u00eddeo a responder a quem a criticou, mesmo quando esta estava desesperada com o desaparecimento do c\u00e3o. A ex-concorrente levantava a hip\u00f3tese de o animal ter sido roubado.<\/p>\n<p>\u00abEra da Ariel, a Ariel era muito agarradinha ao c\u00e3o e ver coment\u00e1rios que estou a ver, que eu n\u00e3o sou capaz de cuidar nem de mim nem da minha filha nem de um c\u00e3o. Pessoal, foi tirado do quintal, roubaram-me o c\u00e3o! E depois ainda vejo estas mensagens, fico de rastos (\u2026). Se algu\u00e9m o achar entregue-me por favor, \u00e9 o c\u00e3o da minha beb\u00e9\u00bb.<\/p>\n<blockquote class=\"instagram-media\" data-instgrm-captioned=\"\" data-instgrm-permalink=\"https:\/\/www.instagram.com\/p\/DR5VLmLjfxa\/?utm_source=ig_embed&amp;utm_campaign=loading\" data-instgrm-version=\"14\" style=\" background:#FFF; border:0; border-radius:3px; box-shadow:0 0 1px 0 rgba(0,0,0,0.5),0 1px 10px 0 rgba(0,0,0,0.15); margin: 1px; max-width:540px; min-width:326px; padding:0; width:99.375%; width:-webkit-calc(100% - 2px); width:calc(100% - 2px);\">\n<\/blockquote>\n<p>                        <script async src=\"\/\/www.instagram.com\/embed.js\"><\/script><\/p>\n","protected":false},"excerpt":{"rendered":"O desespero acabou. Sandrina Pratas respira de al\u00edvio depois de viver momentos de grande afli\u00e7\u00e3o com o desaparecimento&hellip;\n","protected":false},"author":2,"featured_media":177215,"comment_status":"","ping_status":"","sticky":false,"template":"","format":"standard","meta":{"footnotes":""},"categories":[142],"tags":[18706,6941,114,115,18705,32,33,2161,151,18704],"class_list":{"0":"post-181945","1":"post","2":"type-post","3":"status-publish","4":"format-standard","5":"has-post-thumbnail","7":"category-tv","8":"tag-bastidores-secret-story","9":"tag-cao","10":"tag-entertainment","11":"tag-entretenimento","12":"tag-entrevistas-concorrentes-tvi","13":"tag-portugal","14":"tag-pt","15":"tag-sandrina-pratas","16":"tag-tv","17":"tag-vida-fora-da-casa"},"share_on_mastodon":{"url":"https:\/\/pubeurope.com\/@pt\/115691724782026970","error":""},"_links":{"self":[{"href":"https:\/\/www.europesays.com\/pt\/wp-json\/wp\/v2\/posts\/181945","targetHints":{"allow":["GET"]}}],"collection":[{"href":"https:\/\/www.europesays.com\/pt\/wp-json\/wp\/v2\/posts"}],"about":[{"href":"https:\/\/www.europesays.com\/pt\/wp-json\/wp\/v2\/types\/post"}],"author":[{"embeddable":true,"href":"https:\/\/www.europesays.com\/pt\/wp-json\/wp\/v2\/users\/2"}],"replies":[{"embeddable":true,"href":"https:\/\/www.europesays.com\/pt\/wp-json\/wp\/v2\/comments?post=181945"}],"version-history":[{"count":0,"href":"https:\/\/www.europesays.com\/pt\/wp-json\/wp\/v2\/posts\/181945\/revisions"}],"wp:featuredmedia":[{"embeddable":true,"href":"https:\/\/www.europesays.com\/pt\/wp-json\/wp\/v2\/media\/177215"}],"wp:attachment":[{"href":"https:\/\/www.europesays.com\/pt\/wp-json\/wp\/v2\/media?parent=181945"}],"wp:term":[{"taxonomy":"category","embeddable":true,"href":"https:\/\/www.europesays.com\/pt\/wp-json\/wp\/v2\/categories?post=181945"},{"taxonomy":"post_tag","embeddable":true,"href":"https:\/\/www.europesays.com\/pt\/wp-json\/wp\/v2\/tags?post=181945"}],"curies":[{"name":"wp","href":"https:\/\/api.w.org\/{rel}","templated":true}]}}