{"id":181949,"date":"2025-12-09T21:28:15","date_gmt":"2025-12-09T21:28:15","guid":{"rendered":"https:\/\/www.europesays.com\/pt\/181949\/"},"modified":"2025-12-09T21:28:15","modified_gmt":"2025-12-09T21:28:15","slug":"e-esse-tipo-de-jogadores-que-eu-quero-sempre-ate-a-morte","status":"publish","type":"post","link":"https:\/\/www.europesays.com\/pt\/181949\/","title":{"rendered":"\u00ab\u00c9 esse tipo de jogadores que eu quero sempre, at\u00e9 \u00e0 morte\u00bb"},"content":{"rendered":"<p>&#8211; Advertisement &#8211;<\/p>\n<p><strong>Rui Borges realizou esta segunda-feira a antevis\u00e3o ao encontro entre o Sporting e o Bayern Munique, jogo relativo \u00e0 Champions League. <\/strong><\/p>\n<p>Rui Borges falou esta segunda-feira com a imprensa, de maneira a realizar a antevis\u00e3o ao encontro entre o Sporting e o Bayern Munique, v\u00e1lido pela sexta jornada da <a href=\"https:\/\/bolanarede.pt\/etiqueta\/champions-league\/\" target=\"_blank\" rel=\"noreferrer noopener nofollow\">Champions League<\/a>. O t\u00e9cnico elogiou Georgios Vagiannidis:<\/p>\n<p>\u00abO Vagiannidis esteve parado. Ele \u00e9 um grande profissional e um grande exemplo, quis sempre ajudar. \u00c9 esse tipo de jogadores que eu quero sempre, at\u00e9 \u00e0 morte. Esteve parado e \u00e9 normal que n\u00e3o esteja preparado para v\u00e1rios minutos\u00bb.<\/p>\n<p>Podes ler a <a href=\"https:\/\/bolanarede.pt\/especial-bola-na-rede\/atualidade\/rui-borges-acho-que-vamos-jogar-contra-a-equipa-mais-dificil-da-europa\/\" target=\"_blank\" rel=\"noreferrer noopener nofollow\">confer\u00eancia completa<\/a>.<\/p>\n","protected":false},"excerpt":{"rendered":"&#8211; Advertisement &#8211; Rui Borges realizou esta segunda-feira a antevis\u00e3o ao encontro entre o Sporting e o Bayern&hellip;\n","protected":false},"author":2,"featured_media":150207,"comment_status":"","ping_status":"","sticky":false,"template":"","format":"standard","meta":{"footnotes":""},"categories":[87],"tags":[260,1230,135,478,32,33,3880,134],"class_list":{"0":"post-181949","1":"post","2":"type-post","3":"status-publish","4":"format-standard","5":"has-post-thumbnail","7":"category-desporto","8":"tag-atualidade","9":"tag-champions-league","10":"tag-desporto","11":"tag-destaques-bnr","12":"tag-portugal","13":"tag-pt","14":"tag-rui-borges","15":"tag-sports"},"share_on_mastodon":{"url":"https:\/\/pubeurope.com\/@pt\/115691736944552160","error":""},"_links":{"self":[{"href":"https:\/\/www.europesays.com\/pt\/wp-json\/wp\/v2\/posts\/181949","targetHints":{"allow":["GET"]}}],"collection":[{"href":"https:\/\/www.europesays.com\/pt\/wp-json\/wp\/v2\/posts"}],"about":[{"href":"https:\/\/www.europesays.com\/pt\/wp-json\/wp\/v2\/types\/post"}],"author":[{"embeddable":true,"href":"https:\/\/www.europesays.com\/pt\/wp-json\/wp\/v2\/users\/2"}],"replies":[{"embeddable":true,"href":"https:\/\/www.europesays.com\/pt\/wp-json\/wp\/v2\/comments?post=181949"}],"version-history":[{"count":0,"href":"https:\/\/www.europesays.com\/pt\/wp-json\/wp\/v2\/posts\/181949\/revisions"}],"wp:featuredmedia":[{"embeddable":true,"href":"https:\/\/www.europesays.com\/pt\/wp-json\/wp\/v2\/media\/150207"}],"wp:attachment":[{"href":"https:\/\/www.europesays.com\/pt\/wp-json\/wp\/v2\/media?parent=181949"}],"wp:term":[{"taxonomy":"category","embeddable":true,"href":"https:\/\/www.europesays.com\/pt\/wp-json\/wp\/v2\/categories?post=181949"},{"taxonomy":"post_tag","embeddable":true,"href":"https:\/\/www.europesays.com\/pt\/wp-json\/wp\/v2\/tags?post=181949"}],"curies":[{"name":"wp","href":"https:\/\/api.w.org\/{rel}","templated":true}]}}