{"id":181954,"date":"2025-12-09T21:32:11","date_gmt":"2025-12-09T21:32:11","guid":{"rendered":"https:\/\/www.europesays.com\/pt\/181954\/"},"modified":"2025-12-09T21:32:11","modified_gmt":"2025-12-09T21:32:11","slug":"fim-dos-suv-donald-trump-quer-kei-cars-nas-estradas-dos-estados-unidos","status":"publish","type":"post","link":"https:\/\/www.europesays.com\/pt\/181954\/","title":{"rendered":"Fim dos SUV? Donald Trump quer kei cars nas estradas dos Estados Unidos"},"content":{"rendered":"<p>Recentemente, Donald Trump informou ter autorizado o secret\u00e1rio de Transportes dos Estados Unidos a aprovar a produ\u00e7\u00e3o dos chamados kei cars japoneses, que o Presidente descreveu como &#8220;muito bonitos&#8221;. Ser\u00e1 que os carros min\u00fasculos t\u00eam espa\u00e7o nas estradas dominadas pelos SUV?<\/p>\n<p><a target=\"_blank\" href=\"https:\/\/pplware.sapo.pt\/wp-content\/uploads\/2025\/12\/kei_car_eua.jpg\" onclick=\"refreshIframe()\" class=\"foobox\" rel=\"nofollow noopener\"><img fetchpriority=\"high\" decoding=\"async\" src=\"https:\/\/www.europesays.com\/pt\/wp-content\/uploads\/2025\/12\/kei_car_eua-720x405.jpg\" alt=\"Kei car numa estrada com a bandeira dos EUA\" width=\"720\" height=\"405\" class=\"aligncenter size-medium wp-image-1092463\"  \/><\/a>\n<\/p>\n<p>Dirigindo-se aos jornalistas, na Casa Branca, Donald Trump disse que autorizou o secret\u00e1rio dos Transportes, Sean Duffy, a aprovar a produ\u00e7\u00e3o dos kei cars, que descreveu como &#8220;muito bonitos&#8221;, segundo <a target=\"_blank\" href=\"https:\/\/www.bloomberg.com\/news\/articles\/2025-12-04\/trump-wants-asia-s-cute-kei-cars-to-be-made-and-sold-in-us\" rel=\"nofollow noopener\">Bloomberg<\/a>. Mais tarde, refor\u00e7ou-o na sua rede social:<\/p>\n<p>Conforme j\u00e1 <a target=\"_blank\" href=\"https:\/\/pplware.sapo.pt\/tag\/kei-cars\/\" rel=\"nofollow noopener\">vimos anteriormente<\/a>, os kei cars s\u00e3o verdadeiramente populares no Jap\u00e3o. Contudo, o cen\u00e1rio nos Estados Unidos pode n\u00e3o ser t\u00e3o convidativo.<\/p>\n<p>Embora alguns entusiastas tenham importado kei cars japoneses antigos para o pa\u00eds, atualmente n\u00e3o \u00e9 legal conduzi-los nas estradas norte-americanas devido \u00e0 regulamenta\u00e7\u00e3o de seguran\u00e7a, segundo a Bloomberg.<\/p>\n<p>Estar\u00e3o os Estados Unidos preparados para os kei cars?<\/p>\n<p>\u00c0 <a target=\"_blank\" href=\"https:\/\/www.cnbc.com\/video\/2025\/12\/04\/transportation-sec-duffy-on-slashing-fuel-standards-this-is-real-savings-for-the-american-family.html\" rel=\"nofollow noopener\">CNBC<\/a>, o secret\u00e1rio dos Transportes disse que quer &#8220;dar \u00e0s nossas fabricantes a oportunidade de construir&#8221; mini autom\u00f3veis, se &#8220;houver mercado para esses ve\u00edculos&#8221;.<\/p>\n<p>Na sua opini\u00e3o, eles poderiam ser uma &#8220;\u00f3tima solu\u00e7\u00e3o&#8221; para as cidades, ainda que &#8220;provavelmente n\u00e3o&#8221; funcionem nas autoestradas do pa\u00eds.<\/p>\n<p>Segundo a <a target=\"_blank\" href=\"https:\/\/www.caranddriver.com\/news\/g64457986\/bestselling-cars-2025\/\" rel=\"nofollow noopener\">Car &amp; Driver<\/a>, os ve\u00edculos mais populares nos Estados Unidos para 2025, at\u00e9 agora, correspondem a pick-ups e SUV, com os modelos Ford F-Series, Chevy Silverado e <a target=\"_blank\" href=\"https:\/\/pplware.sapo.pt\/motores\/tesla-model-y-caiu-e-perdeu-o-titulo-de-carro-mais-vendido-no-mundo\/\" rel=\"nofollow noopener\">Toyota RAV4<\/a> nos tr\u00eas primeiros lugares.<\/p>\n<p>Neste cen\u00e1rio, \u00e9 poss\u00edvel que a maioria dos condutores norte-americanos n\u00e3o esteja particularmente interessada num pequeno kei car.<\/p>\n<p><a target=\"_blank\" href=\"https:\/\/pplware.sapo.pt\/wp-content\/uploads\/2023\/12\/kei_car_nissan00-scaled.jpg\" onclick=\"refreshIframe()\" class=\"foobox\" rel=\"nofollow noopener\"><img loading=\"lazy\" decoding=\"async\" aria-describedby=\"caption-attachment-962363\" src=\"https:\/\/www.europesays.com\/pt\/wp-content\/uploads\/2025\/12\/kei_car_nissan00-720x405.jpg\" alt=\"Kei Cars\" width=\"720\" height=\"405\" class=\"size-medium wp-image-962363\"  \/><\/a><\/p>\n<p id=\"caption-attachment-962363\" class=\"wp-caption-text\">Nissan Sakura<\/p>\n<p>\u00c0 <a target=\"_blank\" href=\"https:\/\/autos.yahoo.com\/policy-and-environment\/articles\/president-trump-wants-kei-cars-213200482.html\" rel=\"nofollow noopener\">Road &amp; Track<\/a>, um porta-voz do Insurance Institute for Highway Safety disse que, a menos que os autom\u00f3veis do tipo kei &#8220;recebam algum tipo de isen\u00e7\u00e3o, o que n\u00e3o sei se \u00e9 poss\u00edvel, provavelmente haver\u00e1 uma s\u00e9rie de normas de seguran\u00e7a que precisariam de ser alteradas para permitir que os modelos atuais vendidos noutras partes do mundo sejam vendidos aqui&#8221;.<\/p>\n<p>A Car &amp; Driver cita, ainda, outros obst\u00e1culos aos &#8220;muito bonitos&#8221; kei cars, nomeadamente a obrigatoriedade de serem produzidos nos Estados Unidos, exigindo reconfigura\u00e7\u00f5es nas f\u00e1bricas das empresas, e o facto de a maioria de os modelos ser el\u00e9trica, uma motoriza\u00e7\u00e3o que a administra\u00e7\u00e3o de Trump n\u00e3o favorece.<\/p>\n<p>\u00a0<\/p>\n<p><strong>Leia tamb\u00e9m:<\/strong><\/p>\n","protected":false},"excerpt":{"rendered":"Recentemente, Donald Trump informou ter autorizado o secret\u00e1rio de Transportes dos Estados Unidos a aprovar a produ\u00e7\u00e3o dos&hellip;\n","protected":false},"author":2,"featured_media":181955,"comment_status":"","ping_status":"","sticky":false,"template":"","format":"standard","meta":{"footnotes":""},"categories":[83],"tags":[88,92,89,90,413,34063,32,33],"class_list":{"0":"post-181954","1":"post","2":"type-post","3":"status-publish","4":"format-standard","5":"has-post-thumbnail","7":"category-empresas","8":"tag-business","9":"tag-donald-trump","10":"tag-economy","11":"tag-empresas","12":"tag-eua","13":"tag-kei-cars","14":"tag-portugal","15":"tag-pt"},"share_on_mastodon":{"url":"https:\/\/pubeurope.com\/@pt\/115691752400378348","error":""},"_links":{"self":[{"href":"https:\/\/www.europesays.com\/pt\/wp-json\/wp\/v2\/posts\/181954","targetHints":{"allow":["GET"]}}],"collection":[{"href":"https:\/\/www.europesays.com\/pt\/wp-json\/wp\/v2\/posts"}],"about":[{"href":"https:\/\/www.europesays.com\/pt\/wp-json\/wp\/v2\/types\/post"}],"author":[{"embeddable":true,"href":"https:\/\/www.europesays.com\/pt\/wp-json\/wp\/v2\/users\/2"}],"replies":[{"embeddable":true,"href":"https:\/\/www.europesays.com\/pt\/wp-json\/wp\/v2\/comments?post=181954"}],"version-history":[{"count":0,"href":"https:\/\/www.europesays.com\/pt\/wp-json\/wp\/v2\/posts\/181954\/revisions"}],"wp:featuredmedia":[{"embeddable":true,"href":"https:\/\/www.europesays.com\/pt\/wp-json\/wp\/v2\/media\/181955"}],"wp:attachment":[{"href":"https:\/\/www.europesays.com\/pt\/wp-json\/wp\/v2\/media?parent=181954"}],"wp:term":[{"taxonomy":"category","embeddable":true,"href":"https:\/\/www.europesays.com\/pt\/wp-json\/wp\/v2\/categories?post=181954"},{"taxonomy":"post_tag","embeddable":true,"href":"https:\/\/www.europesays.com\/pt\/wp-json\/wp\/v2\/tags?post=181954"}],"curies":[{"name":"wp","href":"https:\/\/api.w.org\/{rel}","templated":true}]}}