{"id":181956,"date":"2025-12-09T21:33:08","date_gmt":"2025-12-09T21:33:08","guid":{"rendered":"https:\/\/www.europesays.com\/pt\/181956\/"},"modified":"2025-12-09T21:33:08","modified_gmt":"2025-12-09T21:33:08","slug":"militar-das-forcas-armadas-britanicas-morre-durante-teste-da-ucrania-a-nova-capacidade-de-defesa","status":"publish","type":"post","link":"https:\/\/www.europesays.com\/pt\/181956\/","title":{"rendered":"Militar das For\u00e7as Armadas brit\u00e2nicas morre durante teste da Ucr\u00e2nia a &#8220;nova capacidade de defesa&#8221;"},"content":{"rendered":"<p>\t                Acidente ter\u00e1 ocorrido &#8220;longe da linha da frente&#8221; enquanto o militar observava o teste das for\u00e7as ucranianas<\/p>\n<p>Um militar das For\u00e7as Armadas brit\u00e2nicas morreu esta ter\u00e7a-feira durante um teste militar da Ucr\u00e2nia, anunciou o Minist\u00e9rio da Defesa do Reino Unido no X.<\/p>\n<p>Este militar ter\u00e1 sido ferido acidentalmente enquanto observava um teste das for\u00e7as ucranianas a uma &#8220;nova capacidade de defesa&#8221; e que teve lugar \u201clonge da linha da frente\u201d, \u00e9 sublinhado no comunicado.<\/p>\n<p>\u201cA fam\u00edlia j\u00e1 foi notificada e os nossos pensamentos est\u00e3o com eles neste momento triste e dif\u00edcil\u201d, pode ler-se ainda na publica\u00e7\u00e3o.<\/p>\n<p>O ministro da Defesa brit\u00e2nico, John Healey, j\u00e1 reagiu ao sucedido, dizendo-se \u201cdevastado com a morte de um militar brit\u00e2nico na Ucr\u00e2nia\u201d.<\/p>\n<p>\u201cOs meus pensamentos est\u00e3o com a sua fam\u00edlia, amigos e colegas, que choram a perda de um ente querido. Os nossos cora\u00e7\u00f5es est\u00e3o com eles\u201d, acrescentou.<\/p>\n<blockquote class=\"twitter-tweet\">\n<p lang=\"en\">Devastated by the death of a UK service person in Ukraine.<\/p>\n<p>My thoughts are with their family, friends and colleagues as they grieve for a loved one.<\/p>\n<p>Our hearts go out to them. <a href=\"https:\/\/t.co\/0Qww8P2u1h\" rel=\"nofollow\">https:\/\/t.co\/0Qww8P2u1h<\/a><\/p>\n<p> \u2014 John Healey (@JohnHealey_MP) <a href=\"https:\/\/twitter.com\/JohnHealey_MP\/status\/1998445387737174354?ref_src=twsrc%5Etfw\" rel=\"nofollow noopener\" target=\"_blank\">December 9, 2025<\/a>\n<\/p><\/blockquote>\n<p>\t            <script async src=\"https:\/\/platform.twitter.com\/widgets.js\" charset=\"utf-8\"><\/script><\/p>\n","protected":false},"excerpt":{"rendered":"Acidente ter\u00e1 ocorrido &#8220;longe da linha da frente&#8221; enquanto o militar observava o teste das for\u00e7as ucranianas Um&hellip;\n","protected":false},"author":2,"featured_media":181957,"comment_status":"","ping_status":"","sticky":false,"template":"","format":"standard","meta":{"footnotes":""},"categories":[50],"tags":[609,836,611,27,28,607,608,333,832,604,135,610,476,15,16,37185,301,830,889,14,603,25,26,570,21,22,831,833,37186,62,834,12,13,19,20,835,602,52,32,23,24,713,17,18,29,30,31,63,64,65],"class_list":{"0":"post-181956","1":"post","2":"type-post","3":"status-publish","4":"format-standard","5":"has-post-thumbnail","7":"category-mundo","8":"tag-alerta","9":"tag-analise","10":"tag-ao-minuto","11":"tag-breaking-news","12":"tag-breakingnews","13":"tag-cnn","14":"tag-cnn-portugal","15":"tag-comentadores","16":"tag-costa","17":"tag-crime","18":"tag-desporto","19":"tag-direto","20":"tag-economia","21":"tag-featured-news","22":"tag-featurednews","23":"tag-forcas-armadas-britanicas","24":"tag-governo","25":"tag-guerra","26":"tag-guerra-na-ucrania","27":"tag-headlines","28":"tag-justica","29":"tag-latest-news","30":"tag-latestnews","31":"tag-live","32":"tag-main-news","33":"tag-mainnews","34":"tag-mais-vistas","35":"tag-marcelo","36":"tag-ministerio-da-defesa-britanico","37":"tag-mundo","38":"tag-negocios","39":"tag-news","40":"tag-noticias","41":"tag-noticias-principais","42":"tag-noticiasprincipais","43":"tag-opiniao","44":"tag-pais","45":"tag-politica","46":"tag-portugal","47":"tag-principais-noticias","48":"tag-principaisnoticias","49":"tag-reino-unido","50":"tag-top-stories","51":"tag-topstories","52":"tag-ultimas","53":"tag-ultimas-noticias","54":"tag-ultimasnoticias","55":"tag-world","56":"tag-world-news","57":"tag-worldnews"},"share_on_mastodon":{"url":"","error":"Validation failed: Text character limit of 500 exceeded"},"_links":{"self":[{"href":"https:\/\/www.europesays.com\/pt\/wp-json\/wp\/v2\/posts\/181956","targetHints":{"allow":["GET"]}}],"collection":[{"href":"https:\/\/www.europesays.com\/pt\/wp-json\/wp\/v2\/posts"}],"about":[{"href":"https:\/\/www.europesays.com\/pt\/wp-json\/wp\/v2\/types\/post"}],"author":[{"embeddable":true,"href":"https:\/\/www.europesays.com\/pt\/wp-json\/wp\/v2\/users\/2"}],"replies":[{"embeddable":true,"href":"https:\/\/www.europesays.com\/pt\/wp-json\/wp\/v2\/comments?post=181956"}],"version-history":[{"count":0,"href":"https:\/\/www.europesays.com\/pt\/wp-json\/wp\/v2\/posts\/181956\/revisions"}],"wp:featuredmedia":[{"embeddable":true,"href":"https:\/\/www.europesays.com\/pt\/wp-json\/wp\/v2\/media\/181957"}],"wp:attachment":[{"href":"https:\/\/www.europesays.com\/pt\/wp-json\/wp\/v2\/media?parent=181956"}],"wp:term":[{"taxonomy":"category","embeddable":true,"href":"https:\/\/www.europesays.com\/pt\/wp-json\/wp\/v2\/categories?post=181956"},{"taxonomy":"post_tag","embeddable":true,"href":"https:\/\/www.europesays.com\/pt\/wp-json\/wp\/v2\/tags?post=181956"}],"curies":[{"name":"wp","href":"https:\/\/api.w.org\/{rel}","templated":true}]}}