{"id":181977,"date":"2025-12-09T21:51:18","date_gmt":"2025-12-09T21:51:18","guid":{"rendered":"https:\/\/www.europesays.com\/pt\/181977\/"},"modified":"2025-12-09T21:51:18","modified_gmt":"2025-12-09T21:51:18","slug":"desalojados-continuam-em-alojamento-provisorio","status":"publish","type":"post","link":"https:\/\/www.europesays.com\/pt\/181977\/","title":{"rendered":"desalojados continuam em alojamento provis\u00f3rio"},"content":{"rendered":"<p><strong>Os 14 desalojados de um edif\u00edcio da Baixa de Coimbra afetado no s\u00e1bado \u00e0 noite pela<\/strong><strong> <\/strong><a href=\"https:\/\/sapo.pt\/artigo\/derrocada-de-edificio-na-baixa-de-coimbra-faz-14-desalojados-69358b722b98fb5be0f601cd\" target=\"_blank\" rel=\"noreferrer noopener nofollow\"><strong>derrocada de um im\u00f3vel devoluto<\/strong><\/a><strong> v\u00e3o continuar realojados e s\u00f3 <\/strong><strong>esta ter\u00e7a-feira<\/strong><strong> saber\u00e3o quando podem regressar, disse a presidente da C\u00e2mara, Ana <\/strong><strong>Abrunhosa.<\/strong><strong> <\/strong><\/p>\n<p>A autarca, que falou aos jornalistas no seguimento de uma visita t\u00e9cnica ao edif\u00edcio afetado, referiu que as fam\u00edlias desalojadas v\u00e3o poder ir aos seus apartamentos buscar os seus pertences. <\/p>\n<blockquote><p> &#8220;V\u00e3o  acompanhadas para poderem retirar roupa e v\u00edveres para as suas refei\u00e7\u00f5es, pois h\u00e1 tamb\u00e9m a preocupa\u00e7\u00e3o que as pessoas fiquem em espa\u00e7os onde possam cozinhar&#8221;,  salientou.   <\/p><\/blockquote>\n<p>A presidente da autarquia adiantou que <strong>esta ter\u00e7a-feira ser\u00e1 avaliado o edif\u00edcio afetado<\/strong>, no qual entrou entulho pelas janelas do im\u00f3vel colapsado e que tem de ser retirado \u00e0 m\u00e3o. <\/p>\n<p>Segundo afirmou, as pessoas afetadas v\u00e3o continuar realojadas pelo tempo que &#8220;for necess\u00e1rio&#8221; e as <strong>despesas do alojamento v\u00e3o ser imputadas ao propriet\u00e1rio do edif\u00edcio, que j\u00e1 tinha sido notificado pela autarquia devido ao estado de ru\u00edna<\/strong>, bem como outras despesas relacionadas com os bombeiros, prote\u00e7\u00e3o civil e obras no im\u00f3vel atingido. <\/p>\n<blockquote><p> &#8220;Criaremos  um centro para imputarmos todos os custos ao respons\u00e1vel. Os propriet\u00e1rios que deixam edif\u00edcios ao abandono s\u00e3o respons\u00e1veis e agora na C\u00e2mara existem outras orienta\u00e7\u00f5es, pelo que \u00e9 bom que cuidem do seu patrim\u00f3nio&#8221;,  avisou.   <\/p><\/blockquote>\n<p><strong>Autarca preocupada com outros im\u00f3veis em risco de ruir<\/strong><\/p>\n<p><strong>Ao<\/strong><strong> final desta tarde<\/strong>, depois de conclu\u00eddo o relat\u00f3rio que est\u00e1 a ser elaborado ap\u00f3s a visita t\u00e9cnica, o <strong>munic\u00edpio dever\u00e1 divulgar uma previs\u00e3o de quando as fam\u00edlias desalojadas poder\u00e3o voltar a casa<\/strong> e de quais as obras a realizar no edif\u00edcio afetado. <\/p>\n<p>Nas declara\u00e7\u00f5es aos jornalistas, <strong>Ana Abrunhosa voltou a manifestar preocupa\u00e7\u00e3o com outras situa\u00e7\u00f5es de im\u00f3veis devolutos e degradados que tamb\u00e9m podem colapsar<\/strong>, cujos propriet\u00e1rios j\u00e1 foram notificados. <\/p>\n<p>A autarca anunciou que a <strong>C\u00e2mara de Coimbra vai dar ordens de obras coercivas, que &#8220;nunca o anterior executivo fez&#8221;, por estar em causa a seguran\u00e7a de pessoas e <\/strong><strong>bens<\/strong>. <\/p>\n<blockquote><p> &#8220;Se  o propriet\u00e1rio n\u00e3o fizer as obras, \u00e9 um crime de desobedi\u00eancia e a C\u00e2mara substitui-se&#8221;, afirmou Ana Abrunhosa, considerando que a dimens\u00e3o &#8220;grande&#8221; do problema n\u00e3o impede o munic\u00edpio de &#8220;come\u00e7ar a resolv\u00ea-lo&#8221;. <\/p><\/blockquote>\n","protected":false},"excerpt":{"rendered":"Os 14 desalojados de um edif\u00edcio da Baixa de Coimbra afetado no s\u00e1bado \u00e0 noite pela derrocada de&hellip;\n","protected":false},"author":2,"featured_media":181978,"comment_status":"","ping_status":"","sticky":false,"template":"","format":"standard","meta":{"footnotes":""},"categories":[10],"tags":[27,28,15,16,14,25,26,21,22,12,13,19,20,32,23,24,33,17,18,29,30,31],"class_list":{"0":"post-181977","1":"post","2":"type-post","3":"status-publish","4":"format-standard","5":"has-post-thumbnail","7":"category-portugal","8":"tag-breaking-news","9":"tag-breakingnews","10":"tag-featured-news","11":"tag-featurednews","12":"tag-headlines","13":"tag-latest-news","14":"tag-latestnews","15":"tag-main-news","16":"tag-mainnews","17":"tag-news","18":"tag-noticias","19":"tag-noticias-principais","20":"tag-noticiasprincipais","21":"tag-portugal","22":"tag-principais-noticias","23":"tag-principaisnoticias","24":"tag-pt","25":"tag-top-stories","26":"tag-topstories","27":"tag-ultimas","28":"tag-ultimas-noticias","29":"tag-ultimasnoticias"},"share_on_mastodon":{"url":"https:\/\/pubeurope.com\/@pt\/115691826897109596","error":""},"_links":{"self":[{"href":"https:\/\/www.europesays.com\/pt\/wp-json\/wp\/v2\/posts\/181977","targetHints":{"allow":["GET"]}}],"collection":[{"href":"https:\/\/www.europesays.com\/pt\/wp-json\/wp\/v2\/posts"}],"about":[{"href":"https:\/\/www.europesays.com\/pt\/wp-json\/wp\/v2\/types\/post"}],"author":[{"embeddable":true,"href":"https:\/\/www.europesays.com\/pt\/wp-json\/wp\/v2\/users\/2"}],"replies":[{"embeddable":true,"href":"https:\/\/www.europesays.com\/pt\/wp-json\/wp\/v2\/comments?post=181977"}],"version-history":[{"count":0,"href":"https:\/\/www.europesays.com\/pt\/wp-json\/wp\/v2\/posts\/181977\/revisions"}],"wp:featuredmedia":[{"embeddable":true,"href":"https:\/\/www.europesays.com\/pt\/wp-json\/wp\/v2\/media\/181978"}],"wp:attachment":[{"href":"https:\/\/www.europesays.com\/pt\/wp-json\/wp\/v2\/media?parent=181977"}],"wp:term":[{"taxonomy":"category","embeddable":true,"href":"https:\/\/www.europesays.com\/pt\/wp-json\/wp\/v2\/categories?post=181977"},{"taxonomy":"post_tag","embeddable":true,"href":"https:\/\/www.europesays.com\/pt\/wp-json\/wp\/v2\/tags?post=181977"}],"curies":[{"name":"wp","href":"https:\/\/api.w.org\/{rel}","templated":true}]}}