{"id":181991,"date":"2025-12-09T22:04:17","date_gmt":"2025-12-09T22:04:17","guid":{"rendered":"https:\/\/www.europesays.com\/pt\/181991\/"},"modified":"2025-12-09T22:04:17","modified_gmt":"2025-12-09T22:04:17","slug":"aviao-declara-emergencia-apos-tentar-aterrar-no-porto","status":"publish","type":"post","link":"https:\/\/www.europesays.com\/pt\/181991\/","title":{"rendered":"Avi\u00e3o declara emerg\u00eancia ap\u00f3s tentar aterrar no Porto"},"content":{"rendered":"<p><strong>Um avi\u00e3o da Easyjet com destino ao Porto declarou emerg\u00eancia depois de duas tentativas de aterrar no Aeroporto Francisco S\u00e1 Carneiro.<\/strong><\/p>\n<p>A aeronave acabou por aterrar \u00e0 terceira tentativa, sem problemas. De acordo com o\u00a0Comando Sub-Regional de Emerg\u00eancia e Prote\u00e7\u00e3o Civil da \u00c1rea Metropolitana do Porto, em causa estaria um problema hidr\u00e1ulico.<\/p>\n<p>Proveniente do aeroporto de Paris \u2013 Orly, o\u00a0Airbus A320-214\u00a0transporta 183 passageiros, mais tripulantes.<\/p>\n<p>Segundo o Flightradar24, o avi\u00e3o\u00a0partiu da capital francesa \u00e0s 10h03 e tinha como previs\u00e3o aterrar \u00e0s 11h20, tendo aterrado \u00e0s 11h44.<\/p>\n","protected":false},"excerpt":{"rendered":"Um avi\u00e3o da Easyjet com destino ao Porto declarou emerg\u00eancia depois de duas tentativas de aterrar no Aeroporto&hellip;\n","protected":false},"author":2,"featured_media":181992,"comment_status":"","ping_status":"","sticky":false,"template":"","format":"standard","meta":{"footnotes":""},"categories":[83],"tags":[88,89,90,32,33],"class_list":{"0":"post-181991","1":"post","2":"type-post","3":"status-publish","4":"format-standard","5":"has-post-thumbnail","7":"category-empresas","8":"tag-business","9":"tag-economy","10":"tag-empresas","11":"tag-portugal","12":"tag-pt"},"share_on_mastodon":{"url":"https:\/\/pubeurope.com\/@pt\/115691878110525051","error":""},"_links":{"self":[{"href":"https:\/\/www.europesays.com\/pt\/wp-json\/wp\/v2\/posts\/181991","targetHints":{"allow":["GET"]}}],"collection":[{"href":"https:\/\/www.europesays.com\/pt\/wp-json\/wp\/v2\/posts"}],"about":[{"href":"https:\/\/www.europesays.com\/pt\/wp-json\/wp\/v2\/types\/post"}],"author":[{"embeddable":true,"href":"https:\/\/www.europesays.com\/pt\/wp-json\/wp\/v2\/users\/2"}],"replies":[{"embeddable":true,"href":"https:\/\/www.europesays.com\/pt\/wp-json\/wp\/v2\/comments?post=181991"}],"version-history":[{"count":0,"href":"https:\/\/www.europesays.com\/pt\/wp-json\/wp\/v2\/posts\/181991\/revisions"}],"wp:featuredmedia":[{"embeddable":true,"href":"https:\/\/www.europesays.com\/pt\/wp-json\/wp\/v2\/media\/181992"}],"wp:attachment":[{"href":"https:\/\/www.europesays.com\/pt\/wp-json\/wp\/v2\/media?parent=181991"}],"wp:term":[{"taxonomy":"category","embeddable":true,"href":"https:\/\/www.europesays.com\/pt\/wp-json\/wp\/v2\/categories?post=181991"},{"taxonomy":"post_tag","embeddable":true,"href":"https:\/\/www.europesays.com\/pt\/wp-json\/wp\/v2\/tags?post=181991"}],"curies":[{"name":"wp","href":"https:\/\/api.w.org\/{rel}","templated":true}]}}