{"id":182025,"date":"2025-12-09T22:39:11","date_gmt":"2025-12-09T22:39:11","guid":{"rendered":"https:\/\/www.europesays.com\/pt\/182025\/"},"modified":"2025-12-09T22:39:11","modified_gmt":"2025-12-09T22:39:11","slug":"russia-justifica-rescisao-com-portugal-com-apoio-a-guerra-hibrida-da-ue","status":"publish","type":"post","link":"https:\/\/www.europesays.com\/pt\/182025\/","title":{"rendered":"R\u00fassia justifica rescis\u00e3o com Portugal com apoio &#8220;\u00e0 guerra h\u00edbrida da UE&#8221;"},"content":{"rendered":"<p>&#8220;Foi Portugal que deu in\u00edcio ao processo de rutura de la\u00e7os, ao apoiar incondicionalmente a guerra h\u00edbrida da UE [Uni\u00e3o Europeia] contra o nosso pa\u00eds&#8221;, afirmou o adido de imprensa da embaixada da R\u00fassia em Portugal, Aleksei Chekmarev, em declara\u00e7\u00f5es \u00e0 ag\u00eancia Lusa.<\/p>\n<p>O representante explicava a decis\u00e3o, anunciada recentemente por Moscovo, de rescindir um acordo de coopera\u00e7\u00e3o militar com Portugal, assinado em 2000, ao mesmo tempo que revogou tamb\u00e9m acordos na \u00e1rea da Defesa com a Fran\u00e7a e o Canad\u00e1.<\/p>\n<p>A decis\u00e3o foi formalizada atrav\u00e9s de um decreto emitido pelo primeiro-ministro da R\u00fassia, Mikhail Mishustin, na sexta-feira, citado pela ag\u00eancia de not\u00edcias oficial russa TASS.<\/p>\n<p>O acordo em causa visava &#8220;a promo\u00e7\u00e3o da coopera\u00e7\u00e3o entre as partes no dom\u00ednio militar para o aprofundamento da confian\u00e7a m\u00fatua e da seguran\u00e7a internacional&#8221;, nomeadamente atrav\u00e9s da troca de opini\u00f5es e de informa\u00e7\u00e3o sobre problemas pol\u00edtico-militares, consultas sobre quest\u00f5es jur\u00eddicas ligadas ao servi\u00e7o e ensino de militares em estabelecimentos de cada um dos pa\u00edses.<\/p>\n<p>Segundo a embaixada russa, n\u00e3o est\u00e1 nenhum acordo bilateral em vigor neste momento.<\/p>\n<p>&#8220;As a\u00e7\u00f5es hostis das autoridades portuguesas paralisaram todo o sistema das nossas rela\u00e7\u00f5es e afetaram tamb\u00e9m o quadro jur\u00eddico destas&#8221;, sublinhou o respons\u00e1vel russo.<\/p>\n<p>&#8220;Nenhum dos documentos bilaterais funciona agora. Alguns foram denunciados pela parte russa, outros pela parte portuguesa, como, por exemplo, o protocolo de coopera\u00e7\u00e3o e amizade entre a cidade de Moscovo e a cidade de Lisboa, que vigorava desde 1997&#8221;, indicou.<\/p>\n<p>Aleksei Chekmarev referia-se a um protocolo cuja rescis\u00e3o foi aprovada pela Assembleia Municipal de Lisboa em fevereiro do ano passado, para exigir a retirada do ex\u00e9rcito da Federa\u00e7\u00e3o Russa de territ\u00f3rio ucraniano.<\/p>\n<p>A decis\u00e3o de rescindir o acordo de coopera\u00e7\u00e3o militar &#8220;n\u00e3o \u00e9 de natureza conjuntural e n\u00e3o foi motivada pelos acontecimentos recentes&#8221;, garantiu o adido de imprensa, alegando que foi uma &#8220;&#8216;evolu\u00e7\u00e3o'&#8221; das rela\u00e7\u00f5es bilaterais nos \u00faltimos anos&#8221;.<\/p>\n<p>A R\u00fassia &#8220;reserva-se o direito de determinar as medidas a tomar dependendo da pol\u00edtica hostil das autoridades portuguesas&#8221;, disse o diplomata, sublinhando que &#8220;as rela\u00e7\u00f5es russo-portuguesas est\u00e3o no n\u00edvel mais baixo da sua hist\u00f3ria contempor\u00e2nea&#8221;.<\/p>\n<p>Portugal apoiou esta semana um plano apresentado pela Comiss\u00e3o Europeia para canalizar para Kyiv receitas provenientes dos cerca de 235 mil milh\u00f5es de euros de ativos russos congelados na UE.<\/p>\n<p>Na sexta-feira, o embaixador russo na Alemanha, Serguei Nechayev, avisou que a utiliza\u00e7\u00e3o de ativos soberanos russos congelados na Europa para financiar a Ucr\u00e2nia teria &#8220;consequ\u00eancias consider\u00e1veis&#8221; e considerou que &#8220;qualquer transa\u00e7\u00e3o com ativos soberanos da R\u00fassia sem o consentimento do pa\u00eds \u00e9 um roubo&#8221;.<\/p>\n<p>A Ucr\u00e2nia tem contado com ajuda financeira e em armamento dos aliados ocidentais desde que a R\u00fassia invadiu o pa\u00eds, em 24 de fevereiro de 2022.<\/p>\n<p>Os aliados de Kyiv tamb\u00e9m t\u00eam decretado san\u00e7\u00f5es contra setores-chave da economia russa para tentar diminuir a capacidade de Moscovo de financiar o esfor\u00e7o de guerra na Ucr\u00e2nia.<\/p>\n<p>A ofensiva militar russa no territ\u00f3rio ucraniano mergulhou a Europa naquela que \u00e9 considerada a crise de seguran\u00e7a mais grave desde a II Guerra Mundial.<\/p>\n<p>Leia Tamb\u00e9m: <a href=\"https:\/\/www.noticiasaominuto.com\/mundo\/2900397\/russia-rescinde-acordos-militares-com-portugal-canada-e-franca\" target=\"_blank\" rel=\"noopener noreferrer nofollow\">R\u00fassia rescinde acordos militares com Portugal, Canad\u00e1 e Fran\u00e7a<\/a><\/p>\n","protected":false},"excerpt":{"rendered":"&#8220;Foi Portugal que deu in\u00edcio ao processo de rutura de la\u00e7os, ao apoiar incondicionalmente a guerra h\u00edbrida da&hellip;\n","protected":false},"author":2,"featured_media":182026,"comment_status":"","ping_status":"","sticky":false,"template":"","format":"standard","meta":{"footnotes":""},"categories":[50],"tags":[27,28,15,16,14,25,26,21,22,62,12,13,19,20,23,24,17,18,29,30,31,63,64,65],"class_list":{"0":"post-182025","1":"post","2":"type-post","3":"status-publish","4":"format-standard","5":"has-post-thumbnail","7":"category-mundo","8":"tag-breaking-news","9":"tag-breakingnews","10":"tag-featured-news","11":"tag-featurednews","12":"tag-headlines","13":"tag-latest-news","14":"tag-latestnews","15":"tag-main-news","16":"tag-mainnews","17":"tag-mundo","18":"tag-news","19":"tag-noticias","20":"tag-noticias-principais","21":"tag-noticiasprincipais","22":"tag-principais-noticias","23":"tag-principaisnoticias","24":"tag-top-stories","25":"tag-topstories","26":"tag-ultimas","27":"tag-ultimas-noticias","28":"tag-ultimasnoticias","29":"tag-world","30":"tag-world-news","31":"tag-worldnews"},"share_on_mastodon":{"url":"https:\/\/pubeurope.com\/@pt\/115692015671855581","error":""},"_links":{"self":[{"href":"https:\/\/www.europesays.com\/pt\/wp-json\/wp\/v2\/posts\/182025","targetHints":{"allow":["GET"]}}],"collection":[{"href":"https:\/\/www.europesays.com\/pt\/wp-json\/wp\/v2\/posts"}],"about":[{"href":"https:\/\/www.europesays.com\/pt\/wp-json\/wp\/v2\/types\/post"}],"author":[{"embeddable":true,"href":"https:\/\/www.europesays.com\/pt\/wp-json\/wp\/v2\/users\/2"}],"replies":[{"embeddable":true,"href":"https:\/\/www.europesays.com\/pt\/wp-json\/wp\/v2\/comments?post=182025"}],"version-history":[{"count":0,"href":"https:\/\/www.europesays.com\/pt\/wp-json\/wp\/v2\/posts\/182025\/revisions"}],"wp:featuredmedia":[{"embeddable":true,"href":"https:\/\/www.europesays.com\/pt\/wp-json\/wp\/v2\/media\/182026"}],"wp:attachment":[{"href":"https:\/\/www.europesays.com\/pt\/wp-json\/wp\/v2\/media?parent=182025"}],"wp:term":[{"taxonomy":"category","embeddable":true,"href":"https:\/\/www.europesays.com\/pt\/wp-json\/wp\/v2\/categories?post=182025"},{"taxonomy":"post_tag","embeddable":true,"href":"https:\/\/www.europesays.com\/pt\/wp-json\/wp\/v2\/tags?post=182025"}],"curies":[{"name":"wp","href":"https:\/\/api.w.org\/{rel}","templated":true}]}}