{"id":182043,"date":"2025-12-09T22:58:10","date_gmt":"2025-12-09T22:58:10","guid":{"rendered":"https:\/\/www.europesays.com\/pt\/182043\/"},"modified":"2025-12-09T22:58:10","modified_gmt":"2025-12-09T22:58:10","slug":"thaila-ayala-celebra-aumento-do-numero-de-seu-manequim-e-revela-o-que-fez-finalmente","status":"publish","type":"post","link":"https:\/\/www.europesays.com\/pt\/182043\/","title":{"rendered":"Thaila Ayala celebra aumento do n\u00famero de seu manequim e revela o que fez: &#8216;Finalmente&#8217;"},"content":{"rendered":"<p>A atriz <a href=\"https:\/\/caras.com.br\/tags\/thaila-ayala\" target=\"_blank\" rel=\"noopener nofollow\"><strong>Thaila Ayala<\/strong><\/a> compartilhou uma conquista que teve em seu corpo nos \u00faltimos tempos. Em sua rede social, ela postou um v\u00eddeo nesta ter\u00e7a-feira, 09, e falou sobre ter ganhado medidas a ponto de aumentar o n\u00famero de seu manequim.<\/p>\n<p>A esposa de <a href=\"https:\/\/caras.com.br\/tags\/renato-goes_1\" target=\"_blank\" rel=\"noopener nofollow\"><strong>Renato G\u00f3es<\/strong><\/a> ent\u00e3o celebrou o ganho de massa magra e mostrou que est\u00e1 treinando para obter volume. No registro, a apresentadora surgiu fazendo cadeira extensora para as pernas e exibiu um pouco do resultado que obteve.<\/p>\n<p>\u201cPense na pessoa feliz por finalmente as pernas estarem se encostando! E dale peso pra manter agora\u201d, disse ela sobre ter aumentado suas medidas se exercitando e ter sa\u00eddo do tamanho 34 para o 38.<\/p>\n<p>Nos coment\u00e1rios da publica\u00e7\u00e3o, os internautas parabenizaram a conquista e postura dela de n\u00e3o enaltecer a magreza. \u201cQue legal, fale sobre isso, Thayla. S\u00e3o tantas pessoas que romantizam a magreza e muitas vezes colocam suas vidas em risco. Achei muito legal voc\u00ea falar que est\u00e1 feliz por aumentar o manequim. Parab\u00e9ns! Voc\u00ea \u00e9 linda de todo jeito\u201d, escreveram.\u00a0<\/p>\n<p>\t Thaila Ayala comemora aumento de n\u00famero de manequim: <\/p>\n<blockquote class=\"instagram-media\" style=\"background: #FFF; border: 0; border-radius: 3px; box-shadow: 0 0 1px 0 rgba(0,0,0,0.5),0 1px 10px 0 rgba(0,0,0,0.15); margin: 1px; max-width: 540px; min-width: 326px; padding: 0; width: calc(100% - 2px);\" data-instgrm-captioned=\"\" data-instgrm-permalink=\"https:\/\/www.instagram.com\/reel\/DSC90-pjjVW\/?utm_source=ig_embed&amp;utm_campaign=loading\" data-instgrm-version=\"14\"><\/blockquote>\n<p> Thaila Ayala se emociona ao montar \u00e1rvore de Natal com a fam\u00edlia <\/p>\n<p>No passado, Thaila Ayala n\u00e3o queria casar nem ter filhos, mas, Renato G\u00f3es mudou totalmente seus planos e hoje ela se emociona ao ver tudo o que constru\u00edram juntos. Nos \u00faltimos dias, a famosa compartilhou um <a href=\"https:\/\/caras.com.br\/datas-especiais\/thaila-ayala-se-emociona-ao-montar-arvore-com-renato-goes-e-os-filhos-meu-tudo.phtml\" rel=\"nofollow noopener\" target=\"_blank\">v\u00eddeo montando a \u00e1rvore de Natal<\/a> de sua casa com o esposo e os herdeiros e relatou a emo\u00e7\u00e3o que sentiu.<\/p>\n<p> Thaila Ayala se surpreende com decora\u00e7\u00e3o da festa do filho <\/p>\n<p>O primog\u00eanito de Thaila Ayala e Renato G\u00f3es, Francisco, completou quatro anos e ganhou uma festa com tema in\u00e9dito.<\/p>\n<p>\u201cNunca tinham feito festa de Zootopia no Rio de Janeiro. Ou seja, n\u00e3o existia nada e foi tudo constru\u00eddo do zero para a festa dele. Pensei: \u2018Ah, vai vir alguma coisa\u2019, mas olha isso. Eu t\u00f4 passada\u201d, compartilhou ela, que tamb\u00e9m mostrou que o local tem brinquedos para as crian\u00e7as se divertirem. <a href=\"https:\/\/caras.com.br\/festas\/thaila-ayala-se-surpreende-com-decoracao-inedita-da-festa-do-filho-nunca-tinham-feito.phtml\" rel=\"nofollow noopener\" target=\"_blank\">Veja como foi aqui<\/a>!<\/p>\n<p>        <a href=\"https:\/\/caras.com.br\/autor\/nataly-paschoal\" rel=\"nofollow noopener\" target=\"_blank\">&#13;<br \/>\n          <img loading=\"lazy\" decoding=\"async\" alt=\"Nataly Paschoal\" src=\"https:\/\/www.europesays.com\/pt\/wp-content\/uploads\/2025\/11\/nataly-paschoal_sqmd.jpg\" class=\"avatar avatar-115 photo rounded-circle\" height=\"115\" width=\"115\"\/>        <\/a><\/p>\n<p><b>Nataly Paschoal <\/b>\u00e9 rep\u00f3rter de conte\u00fado do site CARAS. Formada em jornalismo pela Faculdade C\u00e1sper L\u00edbero, ela j\u00e1 passou por sites como Todateen, Sportlife e espnW. Escreve sobre celebridades, TV, reality show e novelas.<\/p>\n<p>\t                                            <script async src=\"\/\/www.instagram.com\/embed.js\"><\/script><\/p>\n","protected":false},"excerpt":{"rendered":"A atriz Thaila Ayala compartilhou uma conquista que teve em seu corpo nos \u00faltimos tempos. Em sua rede&hellip;\n","protected":false},"author":2,"featured_media":182044,"comment_status":"","ping_status":"","sticky":false,"template":"","format":"standard","meta":{"footnotes":""},"categories":[145],"tags":[211,210,114,115,32,33,36867],"class_list":{"0":"post-182043","1":"post","2":"type-post","3":"status-publish","4":"format-standard","5":"has-post-thumbnail","7":"category-celebridades","8":"tag-celebridades","9":"tag-celebrities","10":"tag-entertainment","11":"tag-entretenimento","12":"tag-portugal","13":"tag-pt","14":"tag-thaila-ayala"},"share_on_mastodon":{"url":"https:\/\/pubeurope.com\/@pt\/115692090692054790","error":""},"_links":{"self":[{"href":"https:\/\/www.europesays.com\/pt\/wp-json\/wp\/v2\/posts\/182043","targetHints":{"allow":["GET"]}}],"collection":[{"href":"https:\/\/www.europesays.com\/pt\/wp-json\/wp\/v2\/posts"}],"about":[{"href":"https:\/\/www.europesays.com\/pt\/wp-json\/wp\/v2\/types\/post"}],"author":[{"embeddable":true,"href":"https:\/\/www.europesays.com\/pt\/wp-json\/wp\/v2\/users\/2"}],"replies":[{"embeddable":true,"href":"https:\/\/www.europesays.com\/pt\/wp-json\/wp\/v2\/comments?post=182043"}],"version-history":[{"count":0,"href":"https:\/\/www.europesays.com\/pt\/wp-json\/wp\/v2\/posts\/182043\/revisions"}],"wp:featuredmedia":[{"embeddable":true,"href":"https:\/\/www.europesays.com\/pt\/wp-json\/wp\/v2\/media\/182044"}],"wp:attachment":[{"href":"https:\/\/www.europesays.com\/pt\/wp-json\/wp\/v2\/media?parent=182043"}],"wp:term":[{"taxonomy":"category","embeddable":true,"href":"https:\/\/www.europesays.com\/pt\/wp-json\/wp\/v2\/categories?post=182043"},{"taxonomy":"post_tag","embeddable":true,"href":"https:\/\/www.europesays.com\/pt\/wp-json\/wp\/v2\/tags?post=182043"}],"curies":[{"name":"wp","href":"https:\/\/api.w.org\/{rel}","templated":true}]}}