{"id":182059,"date":"2025-12-09T23:09:20","date_gmt":"2025-12-09T23:09:20","guid":{"rendered":"https:\/\/www.europesays.com\/pt\/182059\/"},"modified":"2025-12-09T23:09:20","modified_gmt":"2025-12-09T23:09:20","slug":"soldados-russos-cometeram-mais-de-mil-homicidios-ao-regressarem-da-guerra","status":"publish","type":"post","link":"https:\/\/www.europesays.com\/pt\/182059\/","title":{"rendered":"Soldados russos cometeram mais de mil homic\u00eddios ao regressarem da guerra"},"content":{"rendered":"<p>Os tribunais militares russos receberam 1.045 casos de homic\u00eddios cometidos por militares russos fora da zona de combate desde o in\u00edcio da guerra na Ucr\u00e2nia em 2022, segundo o mesmo portal.<\/p>\n<p>Os crimes ocorrem durante as rota\u00e7\u00f5es de soldados ou baixas por ferimentos e les\u00f5es sofridas durante a guerra.<\/p>\n<p>Os familiares das v\u00edtimas\u00a0criticaram que\u00a0os militares acusados recebem redu\u00e7\u00f5es de pena ao justificar os seus crimes referindo que as suas v\u00edtimas proferiram declara\u00e7\u00f5es antipatri\u00f3ticas, embora estas se baseiem apenas em testemunhos do pr\u00f3prio.<\/p>\n<p>O ex-pol\u00edcia Mikhail Otroshko, cujo irm\u00e3o foi assassinado por um soldado russo que combate na Ucr\u00e2nia, afirmou que este tipo de julgamentos \u00e9 regido por leis completamente diferentes e criticou\u00a0os militares, procuradores e ju\u00edzes que participam nos casos.<\/p>\n<p>&#8220;N\u00e3o sei quem os contrata, quem os nomeia investigadores superiores e de alto escal\u00e3o&#8221;, adiantou.<\/p>\n<p>O Mediazona deixou de fora os casos julgados por tribunais civis, que ocorrem quando os acusados perderam o seu estatuto militar no momento em que cometeram o crime, pelo que se calcula que o n\u00famero seja muito maior.<\/p>\n<p>Assim, o meio de comunica\u00e7\u00e3o mencionou casos como os de Grigori Starikov, que assassinou tr\u00eas pessoas, Igor Sofonov, que assassinou seis pessoas numa aldeia da regi\u00e3o da Car\u00e9lia e Vladimir Alexandrov, que violou e matou uma crian\u00e7a de 11 anos na cidade de Yekaterimburgo, nos Montes Urais.<\/p>\n<p>O mesmo portal adiantou que muitos processos s\u00e3o arquivados se as autoridades indicarem que n\u00e3o conseguem localizar o acusado.<\/p>\n<p>O Mediazona aponta que isso se deve ao facto de o militar acusado estar a combater na frente de batalha ou ter falecido durante o julgamento.<\/p>\n<p>Por outro lado, tamb\u00e9m existem casos rejeitados porque o acusado escapou \u00e0 condena\u00e7\u00e3o ao comprometer-se a combater na frente de batalha, seja durante o julgamento ou ap\u00f3s a senten\u00e7a ter sido proferida, pelo que o processo desaparece dos registos do tribunal.<\/p>\n<p>Deste modo, se o militar acusado for obrigado a pagar uma indemniza\u00e7\u00e3o mensal \u00e0 v\u00edtima ou aos seus familiares, o pagamento cessa se decidir combater na Ucr\u00e2nia.<\/p>\n<p>A Mediazona descreve detalhadamente dez exemplos de combatentes processados, nove dos quais escaparam da condena\u00e7\u00e3o ao regressarem \u00e0 frente de batalha, onde muitos deles desapareceram ou ficaram gravemente feridos.<\/p>\n<p>Em todos os casos relatados, os soldados estavam embriagados no momento do homic\u00eddio e, embora isso seja considerado uma circunst\u00e2ncia agravante segundo a lei penal russa, n\u00e3o afetou a senten\u00e7a.<\/p>\n<p>Por sua vez, os tribunais recusam-se a revelar informa\u00e7\u00f5es sobre os casos contra militares.<\/p>\n<p>Leia Tamb\u00e9m: <a href=\"https:\/\/www.noticiasaominuto.com\/mundo\/2901492\/russos-deportados-por-eua-chamados-para-exercito-ao-chegarem-a-moscovo\" target=\"_blank\" rel=\"noopener noreferrer nofollow\">Russos deportados por EUA chamados para ex\u00e9rcito ao chegarem a Moscovo<\/a><\/p>\n","protected":false},"excerpt":{"rendered":"Os tribunais militares russos receberam 1.045 casos de homic\u00eddios cometidos por militares russos fora da zona de combate&hellip;\n","protected":false},"author":2,"featured_media":141811,"comment_status":"","ping_status":"","sticky":false,"template":"","format":"standard","meta":{"footnotes":""},"categories":[50],"tags":[27,28,15,16,14,25,26,21,22,62,12,13,19,20,23,24,17,18,29,30,31,63,64,65],"class_list":{"0":"post-182059","1":"post","2":"type-post","3":"status-publish","4":"format-standard","5":"has-post-thumbnail","7":"category-mundo","8":"tag-breaking-news","9":"tag-breakingnews","10":"tag-featured-news","11":"tag-featurednews","12":"tag-headlines","13":"tag-latest-news","14":"tag-latestnews","15":"tag-main-news","16":"tag-mainnews","17":"tag-mundo","18":"tag-news","19":"tag-noticias","20":"tag-noticias-principais","21":"tag-noticiasprincipais","22":"tag-principais-noticias","23":"tag-principaisnoticias","24":"tag-top-stories","25":"tag-topstories","26":"tag-ultimas","27":"tag-ultimas-noticias","28":"tag-ultimasnoticias","29":"tag-world","30":"tag-world-news","31":"tag-worldnews"},"share_on_mastodon":{"url":"https:\/\/pubeurope.com\/@pt\/115692133799528453","error":""},"_links":{"self":[{"href":"https:\/\/www.europesays.com\/pt\/wp-json\/wp\/v2\/posts\/182059","targetHints":{"allow":["GET"]}}],"collection":[{"href":"https:\/\/www.europesays.com\/pt\/wp-json\/wp\/v2\/posts"}],"about":[{"href":"https:\/\/www.europesays.com\/pt\/wp-json\/wp\/v2\/types\/post"}],"author":[{"embeddable":true,"href":"https:\/\/www.europesays.com\/pt\/wp-json\/wp\/v2\/users\/2"}],"replies":[{"embeddable":true,"href":"https:\/\/www.europesays.com\/pt\/wp-json\/wp\/v2\/comments?post=182059"}],"version-history":[{"count":0,"href":"https:\/\/www.europesays.com\/pt\/wp-json\/wp\/v2\/posts\/182059\/revisions"}],"wp:featuredmedia":[{"embeddable":true,"href":"https:\/\/www.europesays.com\/pt\/wp-json\/wp\/v2\/media\/141811"}],"wp:attachment":[{"href":"https:\/\/www.europesays.com\/pt\/wp-json\/wp\/v2\/media?parent=182059"}],"wp:term":[{"taxonomy":"category","embeddable":true,"href":"https:\/\/www.europesays.com\/pt\/wp-json\/wp\/v2\/categories?post=182059"},{"taxonomy":"post_tag","embeddable":true,"href":"https:\/\/www.europesays.com\/pt\/wp-json\/wp\/v2\/tags?post=182059"}],"curies":[{"name":"wp","href":"https:\/\/api.w.org\/{rel}","templated":true}]}}