{"id":182060,"date":"2025-12-09T23:10:17","date_gmt":"2025-12-09T23:10:17","guid":{"rendered":"https:\/\/www.europesays.com\/pt\/182060\/"},"modified":"2025-12-09T23:10:17","modified_gmt":"2025-12-09T23:10:17","slug":"pastel-de-belem-volta-a-ser-eleito-o-melhor-doce-do-mundo","status":"publish","type":"post","link":"https:\/\/www.europesays.com\/pt\/182060\/","title":{"rendered":"Pastel de Bel\u00e9m volta a ser eleito o melhor doce do mundo"},"content":{"rendered":"<p class=\"category\"><a href=\"https:\/\/sicnoticias.pt\/pais\" rel=\"nofollow noopener\" target=\"_blank\">Pa\u00eds<\/a><\/p>\n<p>Mas n\u00e3o \u00e9 a \u00fanica iguaria portuguesa a ser considerada a melhor do mundo. De acordo com o guia TasteAtlas, Portugal vence tamb\u00e9m nos bolos \u2013 com o P\u00e3o de l\u00f3 de Ovar \u2013 e nos enchidos \u2013 com a Alheira de Mirandela.<\/p>\n<p><img decoding=\"async\" src=\"https:\/\/www.europesays.com\/pt\/wp-content\/uploads\/2025\/12\/1765321817_582_original.webp\" alt=\"Pastel de Bel\u00e9m volta a ser eleito o melhor doce do mundo\"\/><\/p>\n<p>David Silverman\/Getty Images<\/p>\n<p style=\"text-align: start;\"><strong>H\u00e1 poucas certezas na v<\/strong><strong>ida, mas <\/strong><strong>uma coisa<\/strong><strong> <\/strong><strong>\u00e9 <\/strong><strong>quase certa n<\/strong><strong>esta \u00e9poca do ano<\/strong><strong> \u2013 e n\u00e3o, n\u00e3o <\/strong><strong>\u00e9 <\/strong><strong>a can\u00e7\u00e3o \u201c<\/strong><strong>All<\/strong><strong> I <\/strong><strong>Want<\/strong><strong> For Christmas Is <\/strong><strong>You<\/strong><strong>\u201d, de <\/strong><strong>Mariah<\/strong><strong> <\/strong><strong>Care<\/strong><strong>y<\/strong><strong>, estar em todo o lado. <\/strong><strong>Falamos da elei\u00e7\u00e3o do pastel de <\/strong><strong>Bel\u00e9m<\/strong><strong> como o melhor <\/strong><strong>doce do mundo.<\/strong><strong>\u00a0<\/strong><\/p>\n<p style=\"text-align: start;\">Na <strong>elei\u00e7\u00e3o das melhores iguarias a provar em 2026<\/strong>, o doce de pastelaria portugu\u00eas volta a levar a ta\u00e7a. A escolha \u00e9 feita pelo <a href=\"https:\/\/www.tasteatlas.com\/best\" target=\"_blank\" rel=\"noopener noreferrer nofollow\">TasteAtlas<\/a>, um guia online de comida tradicional \u00e0 volta do mundo.\u00a0<\/p>\n<p style=\"text-align: start;\">O <strong>pastel de Bel\u00e9m obt<\/strong><strong>\u00e9<\/strong><strong>m<\/strong><strong> 4,59 estrelas<\/strong> \u2013 numa escala de 0 a 5. A mesma pontua\u00e7\u00e3o que a <strong>trigona<\/strong><strong> <\/strong><strong>panoramatos<\/strong><strong>, um<\/strong><strong>\u00a0<\/strong><strong>doce<\/strong><strong> tradicional<\/strong><strong> grego<\/strong><strong>,<\/strong><strong> com quem empata, este ano, no primeiro lugar<\/strong>.<\/p>\n<p style=\"text-align: start;\">Mais uma vez, o Taste Atlas faz a distin\u00e7\u00e3o entre o<strong> pastel de Bel\u00e9m &#8211; somente aquele que \u00e9 feito na F\u00e1brica Past\u00e9is de Bel\u00e9m, em Lisboa \u2013 e <\/strong><strong>o <\/strong><strong>pastel de nata normal<\/strong>. Tamb\u00e9m esse merece uma distin\u00e7\u00e3o: <strong>surge em terceiro lugar<\/strong>, a\u00a0fechar o p\u00f3dio dos melhores, com 4.51 estrelas. \u00a0<\/p>\n<blockquote style=\"text-align: start;\"><p>\u201cS\u00f3 os past\u00e9is feitos na F\u00e1brica Past\u00e9is de Bel\u00e9m podem ser chamados de pasteis de Bel\u00e9m, enquanto todos os outros, produzidos por outras pastelarias, s\u00e3o chamados past\u00e9is de nata\u201d, destaca o TasteAtlas.\u00a0<\/p><\/blockquote>\n<p style=\"text-align: start;\">Na lista, aparecem ainda a <strong>bola de Berlim (27.\u00ba)<\/strong>, o <strong>travesseiro de Sintra (39.\u00ba)<\/strong>, a <strong>a\u00e7or<\/strong><strong>iana <\/strong><strong>malassada<\/strong><strong> (60.\u00ba)<\/strong>, o<strong> jesu\u00edta (91.\u00ba)<\/strong>, o <strong>pampilho (94.\u00ba)<\/strong>, o<strong> pastel de Tent\u00fagal (96.\u00ba)<\/strong> ou a <strong>queijada de Sintra (99.\u00ba)<\/strong>.\u00a0<\/p>\n<p>P\u00e3o de l\u00f3 de Ovar \u00e9 o melhor bolo e Alheira de Mirandela o melhor enchido\u00a0<\/p>\n<p style=\"text-align: start;\">Mas h\u00e1 outras iguarias portuguesas a merecer as mais elevadas distin\u00e7\u00f5es, quando se olha para outras categorias. O <strong>primeiro lugar entre os melhores bolos do mundo vai tamb\u00e9m para um portugu\u00eas: o p\u00e3o de l\u00f3 de Ovar<\/strong>. Recebe 4,39 estrelas.\u00a0<\/p>\n<blockquote style=\"text-align: start;\"><p>\u201cDiz-se que o p\u00e3o de L\u00f3 de Ovar era oferecido aos padres que levavam a estrutura de madeira para transportar as est\u00e1tuas na prociss\u00e3o da Semana Santa\u201d, aponta o guia, notando que a receita remonta ao s\u00e9culo XVIII.\u00a0<\/p><\/blockquote>\n<p style=\"text-align: start;\">Tamb\u00e9m no que aos <strong>enchidos <\/strong>diz respeito, o<strong> vencedor \u00e9 portugu\u00eas: trata-se da alheira de Mirandela<\/strong> (que recebe 4,34 estrelas).\u00a0<\/p>\n<p style=\"text-align: start;\">Portugal faz ainda apari\u00e7\u00f5es no top 5 no que toca \u00e0s sopas \u2013 a <strong>sopa da pedra<\/strong> leva a medalha de prata (com 4,33 estrelas) -, nos queijos \u2013 com o <strong>queijo de Azeit\u00e3o <\/strong>a merecer a medalha de bronze (com 4,55 estrelas) -, nos pratos de porco \u2013 com o<strong> leit\u00e3o da Bairrada<\/strong> em terceiro lugar (4,43 estrelas) -, nas carnes \u2013 o <strong>presunto do Alentejo<\/strong> aparece em quinto lugar \u2013 e nos vinhos, com o <strong>vinho do Porto<\/strong> (4,3 estrelas) a ocupar tamb\u00e9m a quinta posi\u00e7\u00e3o.\u00a0<\/p>\n<p style=\"text-align: start;\">Os <strong>rankings do <\/strong><strong>TasteAtlas<\/strong>, explica o guia, s\u00e3o<strong> feitos com base nas classifica\u00e7\u00f5es dadas pelos utilizadores da plataforma online<\/strong>. Para a escolha dos melhores produtos deste ano foram validadas 590.228 avalia\u00e7\u00f5es.<\/p>\n","protected":false},"excerpt":{"rendered":"Pa\u00eds Mas n\u00e3o \u00e9 a \u00fanica iguaria portuguesa a ser considerada a melhor do mundo. De acordo com&hellip;\n","protected":false},"author":2,"featured_media":182061,"comment_status":"","ping_status":"","sticky":false,"template":"","format":"standard","meta":{"footnotes":""},"categories":[10],"tags":[27,28,15,16,14,25,26,21,22,12,13,19,20,32,23,24,33,17,18,29,30,31],"class_list":{"0":"post-182060","1":"post","2":"type-post","3":"status-publish","4":"format-standard","5":"has-post-thumbnail","7":"category-portugal","8":"tag-breaking-news","9":"tag-breakingnews","10":"tag-featured-news","11":"tag-featurednews","12":"tag-headlines","13":"tag-latest-news","14":"tag-latestnews","15":"tag-main-news","16":"tag-mainnews","17":"tag-news","18":"tag-noticias","19":"tag-noticias-principais","20":"tag-noticiasprincipais","21":"tag-portugal","22":"tag-principais-noticias","23":"tag-principaisnoticias","24":"tag-pt","25":"tag-top-stories","26":"tag-topstories","27":"tag-ultimas","28":"tag-ultimas-noticias","29":"tag-ultimasnoticias"},"share_on_mastodon":{"url":"https:\/\/pubeurope.com\/@pt\/115692137778255234","error":""},"_links":{"self":[{"href":"https:\/\/www.europesays.com\/pt\/wp-json\/wp\/v2\/posts\/182060","targetHints":{"allow":["GET"]}}],"collection":[{"href":"https:\/\/www.europesays.com\/pt\/wp-json\/wp\/v2\/posts"}],"about":[{"href":"https:\/\/www.europesays.com\/pt\/wp-json\/wp\/v2\/types\/post"}],"author":[{"embeddable":true,"href":"https:\/\/www.europesays.com\/pt\/wp-json\/wp\/v2\/users\/2"}],"replies":[{"embeddable":true,"href":"https:\/\/www.europesays.com\/pt\/wp-json\/wp\/v2\/comments?post=182060"}],"version-history":[{"count":0,"href":"https:\/\/www.europesays.com\/pt\/wp-json\/wp\/v2\/posts\/182060\/revisions"}],"wp:featuredmedia":[{"embeddable":true,"href":"https:\/\/www.europesays.com\/pt\/wp-json\/wp\/v2\/media\/182061"}],"wp:attachment":[{"href":"https:\/\/www.europesays.com\/pt\/wp-json\/wp\/v2\/media?parent=182060"}],"wp:term":[{"taxonomy":"category","embeddable":true,"href":"https:\/\/www.europesays.com\/pt\/wp-json\/wp\/v2\/categories?post=182060"},{"taxonomy":"post_tag","embeddable":true,"href":"https:\/\/www.europesays.com\/pt\/wp-json\/wp\/v2\/tags?post=182060"}],"curies":[{"name":"wp","href":"https:\/\/api.w.org\/{rel}","templated":true}]}}