{"id":182070,"date":"2025-12-09T23:18:25","date_gmt":"2025-12-09T23:18:25","guid":{"rendered":"https:\/\/www.europesays.com\/pt\/182070\/"},"modified":"2025-12-09T23:18:25","modified_gmt":"2025-12-09T23:18:25","slug":"manchester-united-de-ruben-amorim-considera-avancar-por-sergio-ramos","status":"publish","type":"post","link":"https:\/\/www.europesays.com\/pt\/182070\/","title":{"rendered":"Manchester United de Ruben Amorim considera avan\u00e7ar por Sergio Ramos"},"content":{"rendered":"<p>&#8211; Advertisement &#8211;<\/p>\n<p><strong>O Manchester United pode atacar a contrata\u00e7\u00e3o de Sergio Ramos em janeiro. Refor\u00e7o do centro da defesa cogitado. <\/strong><\/p>\n<p>O Manchester United est\u00e1 a avaliar a possibilidade de refor\u00e7ar a defesa com\u2026 Sergio Ramos. De acordo com a Cadena SER, os red devils est\u00e3o interessados no central e colocam pr\u00f3s e contras na balan\u00e7a.<\/p>\n<p>Ruben Amorim ainda n\u00e3o se pronunciou quanto ao interesse nem deu o aval \u00e0 contrata\u00e7\u00e3o, apenas abordada na estrutura. O objetivo passa por dar maior seguran\u00e7a e experi\u00eancia \u00e0 linha defensiva dos red devils.<\/p>\n<p>Sergio Ramos<a href=\"https:\/\/bolanarede.pt\/especial-bola-na-rede\/atualidade\/sergio-ramos-confirma-saida-do-monterrey-depois-da-derrota-contra-o-toluca-de-paulinho\/\" target=\"_blank\" rel=\"noreferrer noopener nofollow\"> deixou o Monterrey em final de contrato e<\/a> procura um novo clube para prosseguir a carreira. Esta \u00e9poca, o central marcou tr\u00eas golos em 21 jogos pelos mexicanos. <\/p>\n","protected":false},"excerpt":{"rendered":"&#8211; Advertisement &#8211; O Manchester United pode atacar a contrata\u00e7\u00e3o de Sergio Ramos em janeiro. Refor\u00e7o do centro&hellip;\n","protected":false},"author":2,"featured_media":182071,"comment_status":"","ping_status":"","sticky":false,"template":"","format":"standard","meta":{"footnotes":""},"categories":[87],"tags":[260,135,663,6224,32,666,33,21820,134],"class_list":{"0":"post-182070","1":"post","2":"type-post","3":"status-publish","4":"format-standard","5":"has-post-thumbnail","7":"category-desporto","8":"tag-atualidade","9":"tag-desporto","10":"tag-manchester-united","11":"tag-monterrey","12":"tag-portugal","13":"tag-premier-league","14":"tag-pt","15":"tag-sergio-ramos","16":"tag-sports"},"share_on_mastodon":{"url":"https:\/\/pubeurope.com\/@pt\/115692169384408714","error":""},"_links":{"self":[{"href":"https:\/\/www.europesays.com\/pt\/wp-json\/wp\/v2\/posts\/182070","targetHints":{"allow":["GET"]}}],"collection":[{"href":"https:\/\/www.europesays.com\/pt\/wp-json\/wp\/v2\/posts"}],"about":[{"href":"https:\/\/www.europesays.com\/pt\/wp-json\/wp\/v2\/types\/post"}],"author":[{"embeddable":true,"href":"https:\/\/www.europesays.com\/pt\/wp-json\/wp\/v2\/users\/2"}],"replies":[{"embeddable":true,"href":"https:\/\/www.europesays.com\/pt\/wp-json\/wp\/v2\/comments?post=182070"}],"version-history":[{"count":0,"href":"https:\/\/www.europesays.com\/pt\/wp-json\/wp\/v2\/posts\/182070\/revisions"}],"wp:featuredmedia":[{"embeddable":true,"href":"https:\/\/www.europesays.com\/pt\/wp-json\/wp\/v2\/media\/182071"}],"wp:attachment":[{"href":"https:\/\/www.europesays.com\/pt\/wp-json\/wp\/v2\/media?parent=182070"}],"wp:term":[{"taxonomy":"category","embeddable":true,"href":"https:\/\/www.europesays.com\/pt\/wp-json\/wp\/v2\/categories?post=182070"},{"taxonomy":"post_tag","embeddable":true,"href":"https:\/\/www.europesays.com\/pt\/wp-json\/wp\/v2\/tags?post=182070"}],"curies":[{"name":"wp","href":"https:\/\/api.w.org\/{rel}","templated":true}]}}