{"id":182110,"date":"2025-12-09T23:54:23","date_gmt":"2025-12-09T23:54:23","guid":{"rendered":"https:\/\/www.europesays.com\/pt\/182110\/"},"modified":"2025-12-09T23:54:23","modified_gmt":"2025-12-09T23:54:23","slug":"russia-e-eua-trazem-tripulacao-de-volta-apos-missao-de-oito-meses-na-iss","status":"publish","type":"post","link":"https:\/\/www.europesays.com\/pt\/182110\/","title":{"rendered":"R\u00fassia e EUA trazem tripula\u00e7\u00e3o de volta ap\u00f3s miss\u00e3o de oito meses na ISS"},"content":{"rendered":"<p>Durante a madrugada desta ter\u00e7a-feira, 9, a c\u00e1psula Soyuz MS-7 trouxe de volta \u00e0 <a href=\"https:\/\/aventurasnahistoria.com.br\/noticias\/historia-hoje\/cientistas-criam-primeira-replica-da-terra-com-resolucao-de-1-km.phtml\" rel=\"nofollow noopener\" target=\"_blank\">Terra<\/a>, dois cosmonautas da Roscosmos e um astronauta da NASA ap\u00f3s uma miss\u00e3o de oito meses na Esta\u00e7\u00e3o Espacial Internacional. O pouso ocorreu \u00e0s 2h03, pelo hor\u00e1rio de Bras\u00edlia, na fria estepe nevado do Cazaquist\u00e3o, onde equipes de resgate aguardavam a chegada da tripula\u00e7\u00e3o.<\/p>\n<p>De acordo com as ag\u00eancias espaciais, a descida foi totalmente controlada, utilizando paraquedas e pequenos propulsores para reduzir a velocidade nos segundos finais. O retorno marcou o encerramento da Expedi\u00e7\u00e3o 73, que manteve opera\u00e7\u00f5es cient\u00edficas e rotinas de manuten\u00e7\u00e3o ao longo de 245 dias, conforme informa\u00e7\u00f5es repercutidas pelo Olhar Digital.<\/p>\n<p> Depois do pouso <\/p>\n<p>Logo ap\u00f3s o pouso, equipes russas e norte-americanas auxiliaram <strong>Sergey Ryzhikov<\/strong>, <strong>Alexey Zubritsky<\/strong> e <strong>Jonny Kim<\/strong> a deixarem a c\u00e1psula. Eles passaram por avalia\u00e7\u00f5es m\u00e9dicas iniciais no pr\u00f3prio local. <strong>Ryzhikov<\/strong> e <strong>Kim<\/strong> demonstraram bom humor e relataram bem-estar, enquanto <strong>Zubritsky<\/strong> foi levado a uma tenda para exames mais detalhados, que confirmaram sua estabilidade.<\/p>\n<p> <img loading=\"lazy\" decoding=\"async\" class=\"size-full wp-image-215028 img-fluid lazy\" alt=\"\" width=\"1280\" height=\"720\" src=\"https:\/\/www.europesays.com\/pt\/wp-content\/uploads\/2025\/12\/A-espaconave-Soyuz-MS-27-e-vista-pousando-em-uma-area-remota-proxima-a-cidade-de-Zhezkazgan.jpg\"  \/>A espa\u00e7onave Soyuz MS-27 \u00e9 vista pousando em uma \u00e1rea remota pr\u00f3xima \u00e0 cidade de Zhezkazgan, no Cazaquist\u00e3o \/ Cr\u00e9ditos: Divulga\u00e7\u00e3o\/ NASA <\/p>\n<p>Os tr\u00eas foram transportados de helic\u00f3ptero para Karaganda, onde as equipes de apoio atuam ap\u00f3s retornos da Soyuz. De l\u00e1, <strong>Kim<\/strong> seguiria para Houston, nos Estados Unidos, enquanto <strong>Ryzhikov<\/strong> e <strong>Zubritsky<\/strong> seriam encaminhados ao Centro de Treinamento de Cosmonautas Gagarin, na R\u00fassia, para o processo de adapta\u00e7\u00e3o p\u00f3s voo, que inclui fisioterapia e recupera\u00e7\u00e3o gradual da musculatura.<\/p>\n<p>\t Retorno e tempo no espa\u00e7o <\/p>\n<p>A viagem de retorno come\u00e7ou na noite de segunda-feira, 8, com o desacoplamento da <a href=\"https:\/\/aventurasnahistoria.com.br\/noticias\/historia-hoje\/capsula-do-tempo-pre-historica-e-descoberta-em-pantano-na-suecia.phtml\" rel=\"nofollow noopener\" target=\"_blank\">c\u00e1psula<\/a> do m\u00f3dulo Prichal da ISS. A separa\u00e7\u00e3o oficializou o fim da Expedi\u00e7\u00e3o 73 e abriu caminho para a Expedi\u00e7\u00e3o 74, que assumiu o controle das opera\u00e7\u00f5es logo ap\u00f3s a cerim\u00f4nia de troca de comando. Durante o evento, <strong>Jonny Kim<\/strong> destacou o esp\u00edrito colaborativo da equipe e afirmou que a conviv\u00eancia em \u00f3rbita refor\u00e7a a import\u00e2ncia da coopera\u00e7\u00e3o internacional.<\/p>\n<p>Durante os oito meses no espa\u00e7o, a tripula\u00e7\u00e3o participou de centenas de experimentos cient\u00edficos e acompanhou a chegada de novas espa\u00e7onaves de carga, incluindo vers\u00f5es modernizadas das Cygnus XL e HTV-X. <strong>Ryzhikov<\/strong> e <strong>Zubritsky<\/strong> tamb\u00e9m realizaram duas caminhadas <a href=\"https:\/\/aventurasnahistoria.com.br\/noticias\/historia-hoje\/viagens-espaciais-afetam-os-musculos-dos-astronautas-segundo-novo-estudo.phtml\" rel=\"nofollow noopener\" target=\"_blank\">espaciais<\/a> dedicadas \u00e0 instala\u00e7\u00e3o de experimentos, reorganiza\u00e7\u00e3o de equipamentos e ajustes no segmento russo da esta\u00e7\u00e3o.<\/p>\n<p>Com o retorno, <strong>Ryzhikov<\/strong> ultrapassa 600 dias acumulados no espa\u00e7o, enquanto <strong>Zubritsky<\/strong> e <strong>Kim<\/strong> se tornam, respectivamente, a 630\u00aa e a 631\u00aa pessoas a viajar para a \u00f3rbita terrestre. A miss\u00e3o refor\u00e7a a continuidade das opera\u00e7\u00f5es da Soyuz, que permanece como um dos ve\u00edculos mais confi\u00e1veis da explora\u00e7\u00e3o espacial tripulada.<\/p>\n","protected":false},"excerpt":{"rendered":"Durante a madrugada desta ter\u00e7a-feira, 9, a c\u00e1psula Soyuz MS-7 trouxe de volta \u00e0 Terra, dois cosmonautas da&hellip;\n","protected":false},"author":2,"featured_media":182111,"comment_status":"","ping_status":"","sticky":false,"template":"","format":"standard","meta":{"footnotes":""},"categories":[84],"tags":[8071,109,107,108,5398,235,13,32,33,839,105,103,104,37210,106,110],"class_list":{"0":"post-182110","1":"post","2":"type-post","3":"status-publish","4":"format-standard","5":"has-post-thumbnail","7":"category-ciencia-e-tecnologia","8":"tag-astronautas","9":"tag-ciencia","10":"tag-ciencia-e-tecnologia","11":"tag-cienciaetecnologia","12":"tag-estacao-espacial-internacional","13":"tag-estados-unidos","14":"tag-noticias","15":"tag-portugal","16":"tag-pt","17":"tag-russia","18":"tag-science","19":"tag-science-and-technology","20":"tag-scienceandtechnology","21":"tag-soyuz-ms-27","22":"tag-technology","23":"tag-tecnologia"},"share_on_mastodon":{"url":"https:\/\/pubeurope.com\/@pt\/115692310915494195","error":""},"_links":{"self":[{"href":"https:\/\/www.europesays.com\/pt\/wp-json\/wp\/v2\/posts\/182110","targetHints":{"allow":["GET"]}}],"collection":[{"href":"https:\/\/www.europesays.com\/pt\/wp-json\/wp\/v2\/posts"}],"about":[{"href":"https:\/\/www.europesays.com\/pt\/wp-json\/wp\/v2\/types\/post"}],"author":[{"embeddable":true,"href":"https:\/\/www.europesays.com\/pt\/wp-json\/wp\/v2\/users\/2"}],"replies":[{"embeddable":true,"href":"https:\/\/www.europesays.com\/pt\/wp-json\/wp\/v2\/comments?post=182110"}],"version-history":[{"count":0,"href":"https:\/\/www.europesays.com\/pt\/wp-json\/wp\/v2\/posts\/182110\/revisions"}],"wp:featuredmedia":[{"embeddable":true,"href":"https:\/\/www.europesays.com\/pt\/wp-json\/wp\/v2\/media\/182111"}],"wp:attachment":[{"href":"https:\/\/www.europesays.com\/pt\/wp-json\/wp\/v2\/media?parent=182110"}],"wp:term":[{"taxonomy":"category","embeddable":true,"href":"https:\/\/www.europesays.com\/pt\/wp-json\/wp\/v2\/categories?post=182110"},{"taxonomy":"post_tag","embeddable":true,"href":"https:\/\/www.europesays.com\/pt\/wp-json\/wp\/v2\/tags?post=182110"}],"curies":[{"name":"wp","href":"https:\/\/api.w.org\/{rel}","templated":true}]}}