{"id":182112,"date":"2025-12-09T23:59:19","date_gmt":"2025-12-09T23:59:19","guid":{"rendered":"https:\/\/www.europesays.com\/pt\/182112\/"},"modified":"2025-12-09T23:59:19","modified_gmt":"2025-12-09T23:59:19","slug":"o-mirante-eleitos-do-chega-em-salvaterra-de-magos-e-no-entroncamento-batem-com-a-porta-e-nao-poupam-nas-criticas","status":"publish","type":"post","link":"https:\/\/www.europesays.com\/pt\/182112\/","title":{"rendered":"O MIRANTE | Eleitos do Chega em Salvaterra de Magos e no Entroncamento batem com a porta e n\u00e3o poupam nas cr\u00edticas"},"content":{"rendered":"<p>O novo mandato aut\u00e1rquico ainda est\u00e1 a dar os primeiros passos e j\u00e1 se come\u00e7aram a verificar dissid\u00eancias de eleitos do Chega em alguns pontos da regi\u00e3o, \u00e0 semelhan\u00e7a do que aconteceu no anterior mandato (2021-2025). A primeira reuni\u00e3o da Assembleia Municipal de Salvaterra de Magos, que se realizou a 24 de Novembro, ficou marcada pela interven\u00e7\u00e3o de David Borges, eleito pelo Chega, que anunciou a inten\u00e7\u00e3o de renunciar ao mandato por \u201cgraves diverg\u00eancias\u201d com a concelhia do partido e por discordar da posi\u00e7\u00e3o assumida pela bancada relativamente ao Regulamento Municipal de Apoio ao Associativismo Local.<br \/>O eleito, que se inscreveu para comentar o ponto da ordem de trabalhos, relativo \u00e0 altera\u00e7\u00e3o ao Regulamento Municipal de Apoio ao Associativismo Local, sublinhou que, ao contr\u00e1rio dos restantes colegas de partido, \u00e9 um defensor do movimento associativo, considerando-o \u201cessencial para a comunidade\u201d e \u201ca maior liga\u00e7\u00e3o entre o poder local e a popula\u00e7\u00e3o\u201d. Adiantou que as altera\u00e7\u00f5es propostas ao regulamento, discutidas na reuni\u00e3o, respondem a preocupa\u00e7\u00f5es de rigor, transpar\u00eancia e responsabilidade financeira que considera fundamentais. <br \/>\u201cVotarei favoravelmente as altera\u00e7\u00f5es propostas, embora n\u00e3o concorde com todo o seu conte\u00fado. Ainda assim, a transpar\u00eancia e o rigor justificam o meu voto\u201d, declarou, frisando que a atitude cr\u00edtica n\u00e3o foi bem recebida pela estrutura local do Chega. \u201cInfelizmente, cheguei \u00e0 conclus\u00e3o que dentro do partido Chega de Salvaterra de Magos, a \u00fanica voz que impera \u00e9 a voz do vereador eleito e quem discordar desta \u00e9 excomungado\u201d, afirmou. David Borges acrescentou que n\u00e3o concorda com a absten\u00e7\u00e3o ou voto contra num assunto que considera \u201ct\u00e3o relevante para a comunidade\u201d, refor\u00e7ando que manter-se no cargo como independente n\u00e3o seria coerente com os seus princ\u00edpios. <br \/>Samuel Germano, vereador do Chega na C\u00e2mara de Salvaterra de Magos e coordenador da comiss\u00e3o pol\u00edtica concelhia, confirmou a O MIRANTE que o partido j\u00e1 previa que a situa\u00e7\u00e3o pudesse evoluir para uma ruptura. \u201cEra uma pessoa sobre a qual j\u00e1 havia algumas quest\u00f5es levantadas na altura das elei\u00e7\u00f5es. T\u00ednhamos esperan\u00e7a que a situa\u00e7\u00e3o melhorasse, mas o desfecho foi aquele que se viu\u201d, afirmou, acrescentando que a sa\u00edda \u00e9 encarada com naturalidade. \u201cMais vale n\u00e3o estar, do que estar e n\u00e3o representar efectivamente o partido. S\u00f3 \u00e9 pena ter feito aquela interven\u00e7\u00e3o desadequada\u201d, afirmou, sublinhando que, na sua leitura, a posi\u00e7\u00e3o de David Borges \u00e9 isolada. \u201cSe temos 99 pessoas a dizer bem e uma contra, se calhar essa \u00e9 que est\u00e1 mal\u201d, concluiu.<\/p>\n<p><strong>Eleita do Chega no Entroncamento fala de falta de \u00e9tica<\/strong><br \/>No Entroncamento, a cabe\u00e7a de lista do Chega \u00e0 assembleia municipal nas \u00faltimas aut\u00e1rquicas, Isilda Marques, tamb\u00e9m renunciou ao mandato em rota de colis\u00e3o com elementos da sua lista. Pouco mais de um m\u00eas ap\u00f3s tomar posse, abandonou o cargo alegando motivos \u00e9ticos relacionados com o comportamento de membros da sua pr\u00f3pria bancada.<br \/>A sa\u00edda de Isilda Marques levou \u00e0 entrada da eleita In\u00eas Almeida, que tomou posse durante a sess\u00e3o de 29 de Novembro, tendo a 1\u00aa secret\u00e1ria da mesa, L\u00facia Abelha, lido o termo de ren\u00fancia de Isilda Marques, datado de 22 de Novembro. Nele a deputada explica que abandona o cargo devido a \u201cfalta de \u00e9tica praticada por deputados da bancada da assembleia municipal do partido Chega na passada semana\u201d, afirmando n\u00e3o se identificar \u201cmoralmente\u201d com essas pr\u00e1ticas. No documento, Isilda Marques sublinha que a representa\u00e7\u00e3o pol\u00edtica exige \u201chonra, honestidade e compromisso di\u00e1rio\u201d, raz\u00e3o pela qual decidiu afastar-se \u201cem defesa do meu bom nome\u201d.<br \/>Antes de iniciar a ordem de trabalhos, o presidente da assembleia, S\u00e9rgio Belejo, anunciou outras substitui\u00e7\u00f5es, uma tamb\u00e9m motivada por ren\u00fancia de mandato do eleito do CDS, Lu\u00eds Costa, que n\u00e3o declarou o motivo da ren\u00fancia, tendo sido substitu\u00eddo por Andreia Dias.<\/p>\n","protected":false},"excerpt":{"rendered":"O novo mandato aut\u00e1rquico ainda est\u00e1 a dar os primeiros passos e j\u00e1 se come\u00e7aram a verificar dissid\u00eancias&hellip;\n","protected":false},"author":2,"featured_media":182113,"comment_status":"","ping_status":"","sticky":false,"template":"","format":"standard","meta":{"footnotes":""},"categories":[10],"tags":[27,28,15,16,14,6569,6568,25,26,21,22,12,13,19,20,32,23,24,33,3551,5314,17,18,29,30,31],"class_list":{"0":"post-182112","1":"post","2":"type-post","3":"status-publish","4":"format-standard","5":"has-post-thumbnail","7":"category-portugal","8":"tag-breaking-news","9":"tag-breakingnews","10":"tag-featured-news","11":"tag-featurednews","12":"tag-headlines","13":"tag-jornal-regional","14":"tag-jornalismo-de-proximidade","15":"tag-latest-news","16":"tag-latestnews","17":"tag-main-news","18":"tag-mainnews","19":"tag-news","20":"tag-noticias","21":"tag-noticias-principais","22":"tag-noticiasprincipais","23":"tag-portugal","24":"tag-principais-noticias","25":"tag-principaisnoticias","26":"tag-pt","27":"tag-regiao","28":"tag-ribatejo","29":"tag-top-stories","30":"tag-topstories","31":"tag-ultimas","32":"tag-ultimas-noticias","33":"tag-ultimasnoticias"},"share_on_mastodon":{"url":"https:\/\/pubeurope.com\/@pt\/115692330274378749","error":""},"_links":{"self":[{"href":"https:\/\/www.europesays.com\/pt\/wp-json\/wp\/v2\/posts\/182112","targetHints":{"allow":["GET"]}}],"collection":[{"href":"https:\/\/www.europesays.com\/pt\/wp-json\/wp\/v2\/posts"}],"about":[{"href":"https:\/\/www.europesays.com\/pt\/wp-json\/wp\/v2\/types\/post"}],"author":[{"embeddable":true,"href":"https:\/\/www.europesays.com\/pt\/wp-json\/wp\/v2\/users\/2"}],"replies":[{"embeddable":true,"href":"https:\/\/www.europesays.com\/pt\/wp-json\/wp\/v2\/comments?post=182112"}],"version-history":[{"count":0,"href":"https:\/\/www.europesays.com\/pt\/wp-json\/wp\/v2\/posts\/182112\/revisions"}],"wp:featuredmedia":[{"embeddable":true,"href":"https:\/\/www.europesays.com\/pt\/wp-json\/wp\/v2\/media\/182113"}],"wp:attachment":[{"href":"https:\/\/www.europesays.com\/pt\/wp-json\/wp\/v2\/media?parent=182112"}],"wp:term":[{"taxonomy":"category","embeddable":true,"href":"https:\/\/www.europesays.com\/pt\/wp-json\/wp\/v2\/categories?post=182112"},{"taxonomy":"post_tag","embeddable":true,"href":"https:\/\/www.europesays.com\/pt\/wp-json\/wp\/v2\/tags?post=182112"}],"curies":[{"name":"wp","href":"https:\/\/api.w.org\/{rel}","templated":true}]}}