{"id":182128,"date":"2025-12-10T00:14:08","date_gmt":"2025-12-10T00:14:08","guid":{"rendered":"https:\/\/www.europesays.com\/pt\/182128\/"},"modified":"2025-12-10T00:14:08","modified_gmt":"2025-12-10T00:14:08","slug":"zelensky-revela-plano-de-20-pontos-e-tres-frentes-para-intensificar-negociacoes-paz-garantias-de-seguranca-e-reconstrucao-da-ucrania","status":"publish","type":"post","link":"https:\/\/www.europesays.com\/pt\/182128\/","title":{"rendered":"Zelensky revela plano de 20 pontos e tr\u00eas frentes para intensificar negocia\u00e7\u00f5es: paz, garantias de seguran\u00e7a e reconstru\u00e7\u00e3o da Ucr\u00e2nia"},"content":{"rendered":"<p>\t                Novo plano de paz tem agora 20 pontos, menos oito pontos do que o documento originalmente avan\u00e7ado pelos EUA<\/p>\n<p style=\"margin-bottom:11px\">A Ucr\u00e2nia e os aliados europeus est\u00e3o a delinear um plano de tr\u00eas vias que viabilize uma paz justa e duradoura no pa\u00eds, segundo a imprensa ucraniana, que cita as declara\u00e7\u00f5es de Volodymyr Zelensky na confer\u00eancia de imprensa desta ter\u00e7a-feira. De modo a intensificar as negocia\u00e7\u00f5es, est\u00e3o em cima da mesa tr\u00eas documentos que formam a base dos atuais esfor\u00e7os diplom\u00e1ticos: um acordo-quadro de paz, garantias de seguran\u00e7a e reconstru\u00e7\u00e3o da Ucr\u00e2nia.<\/p>\n<p>O <a href=\"https:\/\/kyivindependent.com\/zelensky-unveils-3-track-plan-as-talks-intensify\/\" rel=\"nofollow noopener\" target=\"_blank\">The Kyiv Independent<\/a> est\u00e1 a avan\u00e7ar que o presidente ucraniano afirmou ainda aos jornalistas que o novo plano de paz tem apenas 20 pontos, sendo que os negociadores removeram oito dos 28 pontos que constatavam na proposta norte-americana inicial.<\/p>\n<p>Volodymyr Zelensky descreve o novo plano como uma vers\u00e3o retificada, que \u00e9 \u201cuma estrutura que continua a evoluir\u201d. &#8220;Est\u00e1 em constante mudan\u00e7a, o que \u00e9 normal, porque se trata de uma estrutura viva que deve refletir os interesses da Ucr\u00e2nia, da Europa e do mundo&#8221;, refere.<\/p>\n<p>Quanto \u00e0s garantias de seguran\u00e7a, Zelensky adianta que est\u00e1 a aguardar as propostas das for\u00e7as armadas ucranianas e de conclus\u00f5es do di\u00e1logo entre os representantes militares da Ucr\u00e2nia e dos EUA.<\/p>\n<p>Apesar dos aparentes avan\u00e7os, o presidente ucraniano reconheceu que Washington \u201cainda n\u00e3o est\u00e1 preparado para ver a Ucr\u00e2nia na NATO\u201d e que esse facto \u00e9 \u201cinforma\u00e7\u00e3o p\u00fablica\u201d.<\/p>\n<p>\u201c\u00c9 dif\u00edcil falar sobre este assunto, mas, no entanto, \u00e9 poss\u00edvel constatar que as garantias de seguran\u00e7a s\u00e3o um documento importante entre n\u00f3s e os Estados Unidos, e entre n\u00f3s e os europeus\u201d, diz Zelensky, citado pelo <a href=\"https:\/\/www.kyivpost.com\/post\/65913\" target=\"_blank\" rel=\"nofollow noopener\">Kyiv Post<\/a>.<\/p>\n<p>O terceiro e \u00faltimo documento visa a reconstru\u00e7\u00e3o da Ucr\u00e2nia, que Zelensky descreve como essencial para o planeamento futuro do pa\u00eds, mesmo com a guerra em curso.<\/p>\n<p>Kiev e os parceiros europeus conclu\u00edram esta ter\u00e7a-feira as retifica\u00e7\u00f5es da proposta de plano de paz com o objetivo de apresentar uma abordagem unificada, no mesmo dia em que os EUA deram <a href=\"https:\/\/cnnportugal.iol.pt\/guerra\/ucrania\/trump-quer-paz-na-ucrania-ate-ao-natal-e-exige-resposta-de-zelensky-ao-plano-de-paz-dentro-de-dias\/20251209\/69387725d34e2bd5c6d4e7ae\" target=\"_blank\" rel=\"nofollow noopener\">\u201cdias\u201d ao presidente ucraniano<\/a> para tomar uma decis\u00e3o sobre o plano de paz.<\/p>\n","protected":false},"excerpt":{"rendered":"Novo plano de paz tem agora 20 pontos, menos oito pontos do que o documento originalmente avan\u00e7ado pelos&hellip;\n","protected":false},"author":2,"featured_media":182129,"comment_status":"","ping_status":"","sticky":false,"template":"","format":"standard","meta":{"footnotes":""},"categories":[8],"tags":[609,836,611,27,28,607,608,333,832,604,135,610,92,476,413,15,16,301,830,14,603,25,26,570,21,22,831,833,62,834,12,13,19,20,835,602,52,32,23,24,33,839,17,18,840,29,30,31,636,2416],"class_list":{"0":"post-182128","1":"post","2":"type-post","3":"status-publish","4":"format-standard","5":"has-post-thumbnail","7":"category-principais-noticias","8":"tag-alerta","9":"tag-analise","10":"tag-ao-minuto","11":"tag-breaking-news","12":"tag-breakingnews","13":"tag-cnn","14":"tag-cnn-portugal","15":"tag-comentadores","16":"tag-costa","17":"tag-crime","18":"tag-desporto","19":"tag-direto","20":"tag-donald-trump","21":"tag-economia","22":"tag-eua","23":"tag-featured-news","24":"tag-featurednews","25":"tag-governo","26":"tag-guerra","27":"tag-headlines","28":"tag-justica","29":"tag-latest-news","30":"tag-latestnews","31":"tag-live","32":"tag-main-news","33":"tag-mainnews","34":"tag-mais-vistas","35":"tag-marcelo","36":"tag-mundo","37":"tag-negocios","38":"tag-news","39":"tag-noticias","40":"tag-noticias-principais","41":"tag-noticiasprincipais","42":"tag-opiniao","43":"tag-pais","44":"tag-politica","45":"tag-portugal","46":"tag-principais-noticias","47":"tag-principaisnoticias","48":"tag-pt","49":"tag-russia","50":"tag-top-stories","51":"tag-topstories","52":"tag-ucrania","53":"tag-ultimas","54":"tag-ultimas-noticias","55":"tag-ultimasnoticias","56":"tag-uniao-europeia","57":"tag-volodymyr-zelensky"},"share_on_mastodon":{"url":"","error":"Validation failed: Text character limit of 500 exceeded"},"_links":{"self":[{"href":"https:\/\/www.europesays.com\/pt\/wp-json\/wp\/v2\/posts\/182128","targetHints":{"allow":["GET"]}}],"collection":[{"href":"https:\/\/www.europesays.com\/pt\/wp-json\/wp\/v2\/posts"}],"about":[{"href":"https:\/\/www.europesays.com\/pt\/wp-json\/wp\/v2\/types\/post"}],"author":[{"embeddable":true,"href":"https:\/\/www.europesays.com\/pt\/wp-json\/wp\/v2\/users\/2"}],"replies":[{"embeddable":true,"href":"https:\/\/www.europesays.com\/pt\/wp-json\/wp\/v2\/comments?post=182128"}],"version-history":[{"count":0,"href":"https:\/\/www.europesays.com\/pt\/wp-json\/wp\/v2\/posts\/182128\/revisions"}],"wp:featuredmedia":[{"embeddable":true,"href":"https:\/\/www.europesays.com\/pt\/wp-json\/wp\/v2\/media\/182129"}],"wp:attachment":[{"href":"https:\/\/www.europesays.com\/pt\/wp-json\/wp\/v2\/media?parent=182128"}],"wp:term":[{"taxonomy":"category","embeddable":true,"href":"https:\/\/www.europesays.com\/pt\/wp-json\/wp\/v2\/categories?post=182128"},{"taxonomy":"post_tag","embeddable":true,"href":"https:\/\/www.europesays.com\/pt\/wp-json\/wp\/v2\/tags?post=182128"}],"curies":[{"name":"wp","href":"https:\/\/api.w.org\/{rel}","templated":true}]}}