{"id":182146,"date":"2025-12-10T00:27:59","date_gmt":"2025-12-10T00:27:59","guid":{"rendered":"https:\/\/www.europesays.com\/pt\/182146\/"},"modified":"2025-12-10T00:27:59","modified_gmt":"2025-12-10T00:27:59","slug":"antonio-filipe-investimento-de-58-mil-milhoes-na-defesa-e-insanidade-precisamos-de-escolas-e-hospitais-diario-de-noticias","status":"publish","type":"post","link":"https:\/\/www.europesays.com\/pt\/182146\/","title":{"rendered":"Ant\u00f3nio Filipe: \u201cInvestimento de 5,8 mil milh\u00f5es na Defesa \u00e9 insanidade. Precisamos de escolas e hospitais\u201d &#8211; Di\u00e1rio de Not\u00edcias"},"content":{"rendered":"<ol>\n<li><a href=\"https:\/\/news.google.com\/rss\/articles\/CBMiygFBVV95cUxNV2NkbmZuTF9kRC1uZ05HdHZ0RHRQYjF4LWpyZ2FWT1pwSld6LVBTanhzRkxHd2I2eUpPeDc2c3hheGNyRWF1WFNTZ1VBd01tS3g1dThEMGRUWVlzOGFWZlRCTmM3NVZyNHVSckcyaWFPM3dqYnFnbHdYOHdBU1Y4aVNFaTRFZFVVSWxmUUZINk5NU1hxN3dlNEhDcHZvX1FGeFZaMkJpUmRsYTlPNWdZdWhiSUIyN1V6VktPbFpiM3RqM2xmamVIMEd3?oc=5\" target=\"_blank\" rel=\"nofollow noopener\">Ant\u00f3nio Filipe: \u201cInvestimento de 5,8 mil milh\u00f5es na Defesa \u00e9 insanidade. Precisamos de escolas e hospitais\u201d<\/a>&nbsp;&nbsp;Di\u00e1rio de Not\u00edcias<\/li>\n<li><a href=\"https:\/\/news.google.com\/rss\/articles\/CBMi5gFBVV95cUxNdUd1RWdEMlZuY0dKWEpVSnItb1B2YTAtN2o5aDRVbUJKSnlPdmJTUHd2QXM0dEFCZFhnY240MTQxOUlvODZvZjNoRTdYdjVPNTRfUzNyVm9jcWdJRVhrQnE2VGVnNnRXelROWllObjBudmtTczhOVU5Za1VnbThlRU50bE90OTMzTHFSdk1PenBMZ29ZQmlMT1ZHNmNoMl8wbDgyYWpZZXZFRFdTN0VfUUtvNktKVHFqYWdBczdPeGhQMENleXo1Q0JNZlZuUWRYRFRpdlFhM05taEU5R0hMOXFobm0tdw?oc=5\" target=\"_blank\" rel=\"nofollow noopener\">Portugal escolhe as fragatas italianas para refor\u00e7ar a Marinha<\/a>&nbsp;&nbsp;CNN Portugal<\/li>\n<li><a href=\"https:\/\/news.google.com\/rss\/articles\/CBMivwFBVV95cUxQYW1ZTnY4WmRFV2VaRkRJWU9McnN4TkY3WnVjY1U4UUx0VVhxMVktUVpfMmdYRlZHTklpdXVxMkU1SFltZ3UtandwSVBpektIblJhTVR4a0ZYRlJ6RmYzYTdodmR0UFlBZEhzTDVGUmdDRjBjZ2d2QTcxTWRHMjc0UVY3MW5NZ2huSVBUZ191NlBRaW5ZSFROY3RzWEhDLWZycFprOVRWODJ2aE1hV0JQSkNMcXptdmx0eWlqQUZHTQ?oc=5\" target=\"_blank\" rel=\"nofollow noopener\">Defesa. Italianos da Fincantieri dispon\u00edveis para &#8220;investimentos significativos&#8221; no Alfeite<\/a>&nbsp;&nbsp;Observador<\/li>\n<li><a href=\"https:\/\/news.google.com\/rss\/articles\/CBMirgFBVV95cUxNNnhTRVBjaWpHV1ZYRlJ0TVVUZDktdUlSOGpGbEdoQ01CaFVEYkpjMDc3dXdPazZjVWVPbE1XaUdFLXFadTRhYjVxQUo1WFl6X3g1VXRDU0NHelg3eXREMW1BbGlSTEhhWE5OYXljZnFlVGh6QjdTeHRWSkZGUXlJZHFnU2VUN0NOTDFOcDdmbnh2MjAxM3IyYUNZSzZVMTVXSFAzQ0FheGF2TER0b0E?oc=5\" target=\"_blank\" rel=\"nofollow noopener\">Tens\u00e3o EUA-Venezuela. Trump ter\u00e1 sugerido a Maduro ex\u00edlio na R\u00fassia<\/a>&nbsp;&nbsp;RTP<\/li>\n<li><a href=\"https:\/\/news.google.com\/rss\/articles\/CBMioAFBVV95cUxOY2s5UlV4d0VQTGQ2c2VyNEF0QkVaZ0FqTndqbFRZTk9nWmh0NXBBMHR3X3Q0VDcwQ0NSNHFYRUQ4S21MLTdSS0haNU5aLTAyMi1tcXFXSkt0VjZ4WmQ2X3VFLThzUS1rakJ5bXFTQkhuRlY5OHppNHNiUWdJTzVSZHc3TFdINXA3QnpUSjU1dEZFc0h6Sk5IdWNib0NRX1JV?oc=5\" target=\"_blank\" rel=\"nofollow noopener\">Sobre o \u00abpedido de assist\u00eancia financeira de Portugal, no \u00e2mbito do Instrumento SAFE\u00bb<\/a>&nbsp;&nbsp;Partido Comunista Portugu\u00eas<\/li>\n<\/ol>\n","protected":false},"excerpt":{"rendered":"Ant\u00f3nio Filipe: \u201cInvestimento de 5,8 mil milh\u00f5es na Defesa \u00e9 insanidade. Precisamos de escolas e hospitais\u201d&nbsp;&nbsp;Di\u00e1rio de Not\u00edcias&hellip;\n","protected":false},"author":2,"featured_media":182147,"comment_status":"","ping_status":"","sticky":false,"template":"","format":"standard","meta":{"footnotes":""},"categories":[10],"tags":[37213,17462,3399,27,28,30646,2537,306,37215,9069,15,16,9498,14,25,26,17461,21,22,37214,12,13,19,20,3596,32,23,24,33,17,18,29,30,31],"class_list":{"0":"post-182146","1":"post","2":"type-post","3":"status-publish","4":"format-standard","5":"has-post-thumbnail","7":"category-portugal","8":"tag-acesso-a-justica","9":"tag-antonio-filipe","10":"tag-antonio-jose-seguro","11":"tag-breaking-news","12":"tag-breakingnews","13":"tag-cotrim-de-figueiredo","14":"tag-defesa","15":"tag-edicao-impressa","16":"tag-eleicoes-presidenciais-2026","17":"tag-entrevista-dn","18":"tag-featured-news","19":"tag-featurednews","20":"tag-gouveia-e-melo","21":"tag-headlines","22":"tag-latest-news","23":"tag-latestnews","24":"tag-luis-marques-mendes","25":"tag-main-news","26":"tag-mainnews","27":"tag-necessidade-do-sns","28":"tag-news","29":"tag-noticias","30":"tag-noticias-principais","31":"tag-noticiasprincipais","32":"tag-pcp","33":"tag-portugal","34":"tag-principais-noticias","35":"tag-principaisnoticias","36":"tag-pt","37":"tag-top-stories","38":"tag-topstories","39":"tag-ultimas","40":"tag-ultimas-noticias","41":"tag-ultimasnoticias"},"share_on_mastodon":{"url":"","error":"Validation failed: Text character limit of 500 exceeded"},"_links":{"self":[{"href":"https:\/\/www.europesays.com\/pt\/wp-json\/wp\/v2\/posts\/182146","targetHints":{"allow":["GET"]}}],"collection":[{"href":"https:\/\/www.europesays.com\/pt\/wp-json\/wp\/v2\/posts"}],"about":[{"href":"https:\/\/www.europesays.com\/pt\/wp-json\/wp\/v2\/types\/post"}],"author":[{"embeddable":true,"href":"https:\/\/www.europesays.com\/pt\/wp-json\/wp\/v2\/users\/2"}],"replies":[{"embeddable":true,"href":"https:\/\/www.europesays.com\/pt\/wp-json\/wp\/v2\/comments?post=182146"}],"version-history":[{"count":0,"href":"https:\/\/www.europesays.com\/pt\/wp-json\/wp\/v2\/posts\/182146\/revisions"}],"wp:featuredmedia":[{"embeddable":true,"href":"https:\/\/www.europesays.com\/pt\/wp-json\/wp\/v2\/media\/182147"}],"wp:attachment":[{"href":"https:\/\/www.europesays.com\/pt\/wp-json\/wp\/v2\/media?parent=182146"}],"wp:term":[{"taxonomy":"category","embeddable":true,"href":"https:\/\/www.europesays.com\/pt\/wp-json\/wp\/v2\/categories?post=182146"},{"taxonomy":"post_tag","embeddable":true,"href":"https:\/\/www.europesays.com\/pt\/wp-json\/wp\/v2\/tags?post=182146"}],"curies":[{"name":"wp","href":"https:\/\/api.w.org\/{rel}","templated":true}]}}