{"id":182150,"date":"2025-12-10T00:30:13","date_gmt":"2025-12-10T00:30:13","guid":{"rendered":"https:\/\/www.europesays.com\/pt\/182150\/"},"modified":"2025-12-10T00:30:13","modified_gmt":"2025-12-10T00:30:13","slug":"ator-que-morreu-em-2022-faria-92-anos-ele-precisou-se-pintar-para-ter-primeiro-papel-no-teatro","status":"publish","type":"post","link":"https:\/\/www.europesays.com\/pt\/182150\/","title":{"rendered":"Ator que morreu em 2022 faria 92 anos; ele precisou se pintar para ter primeiro papel no teatro"},"content":{"rendered":"<p>O ator\u00a0<a href=\"https:\/\/caras.com.br\/tags\/milton-goncalves\" rel=\"nofollow noopener\" target=\"_blank\"><strong>Milton Gon\u00e7alves<\/strong><\/a> completaria 92 anos nesta ter\u00e7a-feira, 09. Ele faleceu aos 88 anos, em decorr\u00eancia de um AVC sofrido em 2020.\u00a0Dono de diversos pap\u00e9is de sucesso e um dos grandes \u00edcones da teledramaturgia brasileira, o artista precisou se pintar para encarnar o primeiro personagem de sua carreira; confira.<\/p>\n<p>O primeiro trabalho art\u00edstico de Milton foi no teatro. Gon\u00e7alves j\u00e1 contou em entrevistas que ganhou a chance de protagonizar a pe\u00e7a porque o artista principal s\u00f3 faltava. \u00c0 \u00e9poca, ele, no entanto, apareceu no palco todo pintado de branco j\u00e1 que o int\u00e9rprete anterior era caucasiano.<\/p>\n<p>\u201cMe chamaram para fazer teatro, e acabei fazendo uma pe\u00e7a em que o ator principal faltava muito e eu sempre lia o texto dele. Um dia me chamaram para fazer o papel dele, que era o de um rei, pai de uma menina branca dos olhos azuis. Eu era pintado de branco e fazia\u201d, disse o ator em entrevista ao portal Extra, no ano de 2018.<\/p>\n<p> <img loading=\"lazy\" decoding=\"async\" class=\"wp-image-756108 img-fluid lazy\" alt=\"Relembre os trabalhos mais marcantes da carreira de Milton Gon\u00e7alves\" width=\"879\" height=\"494\" src=\"https:\/\/www.europesays.com\/pt\/wp-content\/uploads\/2025\/12\/milton_goncalves__1.jpg\"\/>Milton Gon\u00e7alves \u2013 Globo\/Cesar Alves Eternizado na hist\u00f3ria da TV brasileira <\/p>\n<p>Nascido em 9 de dezembro de 1933, em Monte Santo, Minas Gerais, Milton Gon\u00e7alves completaria 92 anos nesta ter\u00e7a-feira, 09. Ele marcou gera\u00e7\u00f5es com seu talento e versatilidade. Rapidamente, o famoso se tornou um dos principais nomes da televis\u00e3o brasileira.<\/p>\n<p>\t Pioneiro <\/p>\n<p>A hist\u00f3ria de Milton \u00e9 t\u00e3o marcante que ele foi contratado da Globo antes mesmo de sua inaugura\u00e7\u00e3o, em 1965. Gon\u00e7alves relatou como foi sua chegada \u00e0 emissora.<\/p>\n<p>\u201cOt\u00e1vio Gra\u00e7a Mello, na \u00e9poca sogro da Mar\u00edlia P\u00eara, me chamou para fazer parte do primeiro elenco da empresa, antes mesmo de a emissora entrar no ar. Em janeiro de 1965, n\u00f3s j\u00e1 faz\u00edamos testes, mont\u00e1vamos equipes. At\u00e9 que fiz a primeira novela das sete, \u201cRosinha do Sobrado\u201d, com a Mar\u00edlia. Depois os trabalhos foram acontecendo, fui fazendo outras coisas\u201d, disse ao Extra em 2015.<\/p>\n<p> Em dose dupla <\/p>\n<p>Em 1975, Milton participou da vers\u00e3o censurada de Roque Santeiro, interpretando o Padre Hon\u00f3rio. Dez anos depois, ele voltou para o elenco da trama que dessa vez foi ao ar, mas interpretando o Promotor Lorival Prata.<\/p>\n<p> Quando as cortinas se fecharam <\/p>\n<p>O artista partiu em 30 de maio de 2022, decorr\u00eancia de problemas de sa\u00fade que estava enfrentando desde 2020, quando sofreu um AVC. Na ocasi\u00e3o, o ator ficou tr\u00eas meses internado e precisou de aparelhos para respirar.<\/p>\n<p><strong>Leia mais<\/strong>: <a href=\"https:\/\/caras.com.br\/tv\/relembre-os-trabalhos-mais-marcantes-da-carreira-de-milton-goncalves.phtml\" rel=\"nofollow noopener\" target=\"_blank\">Relembre os trabalhos mais marcantes da carreira de Milton Gon\u00e7alves<\/a><\/p>\n<p> FIQUE POR DENTRO DAS NOT\u00cdCIAS DOS FAMOSOS ACOMPANHANDO \u00c0 CARAS BRASIL NAS REDES SOCIAIS: <\/p>\n<blockquote class=\"instagram-media\" style=\"background: #FFF; border: 0; border-radius: 3px; box-shadow: 0 0 1px 0 rgba(0,0,0,0.5),0 1px 10px 0 rgba(0,0,0,0.15); margin: 1px; max-width: 540px; min-width: 326px; padding: 0; width: calc(100% - 2px);\" data-instgrm-captioned=\"\" data-instgrm-permalink=\"https:\/\/www.instagram.com\/p\/DR2dACdEbtM\/?utm_source=ig_embed&amp;utm_campaign=loading\" data-instgrm-version=\"14\"><\/blockquote>\n<p>        <a href=\"https:\/\/caras.com.br\/autor\/felipe-franca\" rel=\"nofollow noopener\" target=\"_blank\">&#13;<br \/>\n          <img loading=\"lazy\" decoding=\"async\" alt=\"Felipe Fran\u00e7a\" src=\"https:\/\/www.europesays.com\/pt\/wp-content\/uploads\/2025\/11\/whatsapp_image_2024-02-01_at_11.27.22_sqmd.jpeg\" class=\"avatar avatar-115 photo rounded-circle\" height=\"115\" width=\"115\"\/>        <\/a><\/p>\n<p><strong>Felipe Fran\u00e7a<\/strong> \u00e9 jornalista formado pela Faculdade C\u00e1sper L\u00edbero (FCL). \u00c9 rep\u00f3rter de pautas especiais do Grupo Perfil. Tem passagens pela Coluna Fl\u00e1vio Ricco, no R7, e pela TV Gazeta. Possui paix\u00e3o pelo universo da televis\u00e3o, novelas e celebridades. Gosta da arte de ouvir hist\u00f3rias e pessoas.<\/p>\n<p>\t                                            <script async src=\"\/\/www.instagram.com\/embed.js\"><\/script><\/p>\n","protected":false},"excerpt":{"rendered":"O ator\u00a0Milton Gon\u00e7alves completaria 92 anos nesta ter\u00e7a-feira, 09. Ele faleceu aos 88 anos, em decorr\u00eancia de um&hellip;\n","protected":false},"author":2,"featured_media":182151,"comment_status":"","ping_status":"","sticky":false,"template":"","format":"standard","meta":{"footnotes":""},"categories":[145],"tags":[1244,211,210,114,115,753,37216,32,33],"class_list":{"0":"post-182150","1":"post","2":"type-post","3":"status-publish","4":"format-standard","5":"has-post-thumbnail","7":"category-celebridades","8":"tag-ator","9":"tag-celebridades","10":"tag-celebrities","11":"tag-entertainment","12":"tag-entretenimento","13":"tag-globo","14":"tag-milton-goncalves","15":"tag-portugal","16":"tag-pt"},"share_on_mastodon":{"url":"https:\/\/pubeurope.com\/@pt\/115692452636908327","error":""},"_links":{"self":[{"href":"https:\/\/www.europesays.com\/pt\/wp-json\/wp\/v2\/posts\/182150","targetHints":{"allow":["GET"]}}],"collection":[{"href":"https:\/\/www.europesays.com\/pt\/wp-json\/wp\/v2\/posts"}],"about":[{"href":"https:\/\/www.europesays.com\/pt\/wp-json\/wp\/v2\/types\/post"}],"author":[{"embeddable":true,"href":"https:\/\/www.europesays.com\/pt\/wp-json\/wp\/v2\/users\/2"}],"replies":[{"embeddable":true,"href":"https:\/\/www.europesays.com\/pt\/wp-json\/wp\/v2\/comments?post=182150"}],"version-history":[{"count":0,"href":"https:\/\/www.europesays.com\/pt\/wp-json\/wp\/v2\/posts\/182150\/revisions"}],"wp:featuredmedia":[{"embeddable":true,"href":"https:\/\/www.europesays.com\/pt\/wp-json\/wp\/v2\/media\/182151"}],"wp:attachment":[{"href":"https:\/\/www.europesays.com\/pt\/wp-json\/wp\/v2\/media?parent=182150"}],"wp:term":[{"taxonomy":"category","embeddable":true,"href":"https:\/\/www.europesays.com\/pt\/wp-json\/wp\/v2\/categories?post=182150"},{"taxonomy":"post_tag","embeddable":true,"href":"https:\/\/www.europesays.com\/pt\/wp-json\/wp\/v2\/tags?post=182150"}],"curies":[{"name":"wp","href":"https:\/\/api.w.org\/{rel}","templated":true}]}}