{"id":182165,"date":"2025-12-10T00:43:11","date_gmt":"2025-12-10T00:43:11","guid":{"rendered":"https:\/\/www.europesays.com\/pt\/182165\/"},"modified":"2025-12-10T00:43:11","modified_gmt":"2025-12-10T00:43:11","slug":"nao-ha-guerreiro-que-trave-o-voo-glorioso-da-aguia-cronica","status":"publish","type":"post","link":"https:\/\/www.europesays.com\/pt\/182165\/","title":{"rendered":"N\u00e3o h\u00e1 guerreiro que trave o voo glorioso da \u00e1guia (cr\u00f3nica)"},"content":{"rendered":"<p>12 jogos&#8230; 12 vit\u00f3rias. \u00c9 este o pec\u00falio do Benfica na atual edi\u00e7\u00e3o do campeonato de futsal, sendo que o \u00faltimo cap\u00edtulo desta hist\u00f3ria foi escrito na noite desta ter\u00e7a-feira, no Pavilh\u00e3o Fidelidade, na Luz, com o triunfo (5-2) sobre o SC Braga.<\/p>\n<p>O voo picado das \u00e1guias come\u00e7ou a ser consumado aos 7 minutos, quando Arthur, na sequ\u00eancia de um ataque r\u00e1pido, agradeceu o passe de Andr\u00e9 Coelho e abriu o ativo. Antes disso, refira-se, j\u00e1 Kutchy (1&#8242;) e Silvestre Ferreira (5&#8242;) tinham amea\u00e7ado a baliza bracarense.<\/p>\n<p>Pouco depois de fazer o gosto ao p\u00e9, o camisola 10 dos encarnados tentou o bis, mas as inten\u00e7\u00f5es esbarraram no poste direito. Logo a seguir, Dudu brilhou a remate de Jacar\u00e9 (8&#8242;). Nesta altura, o SC Braga ia espreitando as transi\u00e7\u00f5es, mas sem nunca incomodar verdadeiramente L\u00e9o Gugiel.<\/p>\n<p>Sentia-se que o segundo golo poderia aparecer a qualquer momento e Silvestre Ferreira s\u00f3 n\u00e3o colocou o seu nome na lista de marcadores porque a barra foi a sua principal inimiga. Quem faturou foi Jacar\u00e9, aos 14 minutos, isto depois de uma oferta generosa de Kutchy, de cabe\u00e7a, ap\u00f3s passe longo teleguiado de L\u00e9o Gugiel. Ato cont\u00ednuo, os minhotos tentaram a rea\u00e7\u00e3o, mas o guarda-redes dos atuais campe\u00f5es negou o golo a Vit\u00e3o por duas vezes na mesma jogada (16&#8242;). Em seguida, Willian Carioca ficou perto de reduzir a desvantagem, mas o dono da baliza encarnada voltou a op\u00f4r-se com mestria.<\/p>\n<p>N\u00e3o marcou o SC Braga&#8230; voltou a marcar o Benfica: Dudu perdeu a bola no meio-campo ofensivo (numa altura em que o guarda-redes dos arsenalistas estava em posse como jogador de campo), Silvestre Ferreira assistiu Arthur e o internacional brasileiro fez o 3-0 \u00e0 beira do intervalo.<\/p>\n<p>E se a primeira parte terminou bem para as \u00e1guias, a segunda come\u00e7ou na mesma toada: cruzamento de Silvestre Ferreira e desvio oportuno de Jacar\u00e9 para o quarto dos da casa. O jogo manteve-se sempre bastante intenso, os forasteiros nunca desistiram e Willian Carioca s\u00f3 n\u00e3o foi feliz porque o poste n\u00e3o deixou (23&#8242;). Pany Varela respondeu, mas Dudu voou. <\/p>\n<p>Aos 26 minutos, Arthur viu o segundo cart\u00e3o amarelo e foi, naturalmente, expulso, sendo que, segundos depois, e aproveitando a superioridade num\u00e9rica, o SC Braga conseguiu reduzir, por interm\u00e9dio de Tiago Brito. Os guerreiros poderiam ter encostado mais \u00e0s \u00e1guias, mas Vilian Sousa, de livre direto (na sequ\u00eancia da sexta falta cometida pelo Benfica), permitiu a defesa do jovem Diogo Carrera, que entrara, precisamente, para a referida bola parada. Vit\u00e3o, aos 34 minutos, voltou a n\u00e3o ficar com saudades de L\u00e9o Gugiel (mais duas grandes interven\u00e7\u00f5es no mesmo lance), mas no minuto seguinte Hugo Neves festejou: livre direto irrepreensivelmente cobrado pelo internacional portugu\u00eas.<\/p>\n<p>Cinco minutos no futsal, j\u00e1 se sabe, \u00e9 muito tempo, e o 4-2 poderia deixar a d\u00favida no ar relativamente ao vencedor da partida. Os arsenalistas passaram a jogar com guarda-redes avan\u00e7ado, numa fase em que n\u00e3o tinham nada a perder, mas al\u00e9m de n\u00e3o conseguirem voltar a marcar ainda&#8230; sofreram. Tiago Brito fez pen\u00e1lti sobre Carlos Monteiro (lance que valeu o segundo amarelo e consequente expuls\u00e3o ao capit\u00e3o bracarense) e na transforma\u00e7\u00e3o do castigo m\u00e1ximo L\u00facio Rocha fechou as contas em 5-2.<\/p>\n<p>O Benfica passa a somar 36 pontos, repondo a vantagem de 6 para o Sporting &#8211; vice-l\u00edder que ontem tinha goleado (8-2) o Torreense. J\u00e1 o SC Braga continua com os mesmos 17 pontos com que entrara para esta ronda, estando no 6.\u00ba posto da tabela classificativa.<\/p>\n","protected":false},"excerpt":{"rendered":"12 jogos&#8230; 12 vit\u00f3rias. \u00c9 este o pec\u00falio do Benfica na atual edi\u00e7\u00e3o do campeonato de futsal, sendo&hellip;\n","protected":false},"author":2,"featured_media":182166,"comment_status":"","ping_status":"","sticky":false,"template":"","format":"standard","meta":{"footnotes":""},"categories":[8],"tags":[27,28,15,16,14,25,26,21,22,12,13,19,20,32,23,24,33,17,18,29,30,31],"class_list":{"0":"post-182165","1":"post","2":"type-post","3":"status-publish","4":"format-standard","5":"has-post-thumbnail","7":"category-principais-noticias","8":"tag-breaking-news","9":"tag-breakingnews","10":"tag-featured-news","11":"tag-featurednews","12":"tag-headlines","13":"tag-latest-news","14":"tag-latestnews","15":"tag-main-news","16":"tag-mainnews","17":"tag-news","18":"tag-noticias","19":"tag-noticias-principais","20":"tag-noticiasprincipais","21":"tag-portugal","22":"tag-principais-noticias","23":"tag-principaisnoticias","24":"tag-pt","25":"tag-top-stories","26":"tag-topstories","27":"tag-ultimas","28":"tag-ultimas-noticias","29":"tag-ultimasnoticias"},"share_on_mastodon":{"url":"https:\/\/pubeurope.com\/@pt\/115692503806947016","error":""},"_links":{"self":[{"href":"https:\/\/www.europesays.com\/pt\/wp-json\/wp\/v2\/posts\/182165","targetHints":{"allow":["GET"]}}],"collection":[{"href":"https:\/\/www.europesays.com\/pt\/wp-json\/wp\/v2\/posts"}],"about":[{"href":"https:\/\/www.europesays.com\/pt\/wp-json\/wp\/v2\/types\/post"}],"author":[{"embeddable":true,"href":"https:\/\/www.europesays.com\/pt\/wp-json\/wp\/v2\/users\/2"}],"replies":[{"embeddable":true,"href":"https:\/\/www.europesays.com\/pt\/wp-json\/wp\/v2\/comments?post=182165"}],"version-history":[{"count":0,"href":"https:\/\/www.europesays.com\/pt\/wp-json\/wp\/v2\/posts\/182165\/revisions"}],"wp:featuredmedia":[{"embeddable":true,"href":"https:\/\/www.europesays.com\/pt\/wp-json\/wp\/v2\/media\/182166"}],"wp:attachment":[{"href":"https:\/\/www.europesays.com\/pt\/wp-json\/wp\/v2\/media?parent=182165"}],"wp:term":[{"taxonomy":"category","embeddable":true,"href":"https:\/\/www.europesays.com\/pt\/wp-json\/wp\/v2\/categories?post=182165"},{"taxonomy":"post_tag","embeddable":true,"href":"https:\/\/www.europesays.com\/pt\/wp-json\/wp\/v2\/tags?post=182165"}],"curies":[{"name":"wp","href":"https:\/\/api.w.org\/{rel}","templated":true}]}}