{"id":182169,"date":"2025-12-10T00:47:16","date_gmt":"2025-12-10T00:47:16","guid":{"rendered":"https:\/\/www.europesays.com\/pt\/182169\/"},"modified":"2025-12-10T00:47:16","modified_gmt":"2025-12-10T00:47:16","slug":"joao-baiao-cumplice-de-companhia-especial-comentarios-desagradaveis-sao-escusados-e-devidamente-eliminados","status":"publish","type":"post","link":"https:\/\/www.europesays.com\/pt\/182169\/","title":{"rendered":"Jo\u00e3o Bai\u00e3o c\u00famplice de companhia especial: &#8220;Coment\u00e1rios desagrad\u00e1veis s\u00e3o escusados e devidamente eliminados&#8221;"},"content":{"rendered":"<p>Atrav\u00e9s do Instagram, <a href=\"https:\/\/selfie.iol.pt\/famosos\/diogo-infante\/apos-mais-de-30-anos-conhecido-ator-declara-se-a-joao-baiao-a-cumplicidade-foi-imediata\/20251011\/68ea7f04d34e58bc6796c816\" target=\"_blank\" rel=\"nofollow noopener\">Jo\u00e3o Bai\u00e3o<\/a> encantou os seguidores do Instagram com a partilha de uma fotografia, na qual se mostra junto a um c\u00e3ozinho.<\/p>\n<p>&#8220;Adeus, meu beb\u00e9, s\u00ea feliz!&#8221;, exclamou o apresentador, de 62 anos, na legenda da imagem ternurenta. Jo\u00e3o Bai\u00e3o aproveitou para ainda deixar um alerta: &#8220;Coment\u00e1rios desagrad\u00e1veis s\u00e3o escusados e devidamente eliminados.&#8221;<\/p>\n<p>Veja, agora, a imagem partilhada por Jo\u00e3o Bai\u00e3o na galeria de fotografias que prepar\u00e1mos para si.<\/p>\n","protected":false},"excerpt":{"rendered":"Atrav\u00e9s do Instagram, Jo\u00e3o Bai\u00e3o encantou os seguidores do Instagram com a partilha de uma fotografia, na qual&hellip;\n","protected":false},"author":2,"featured_media":182170,"comment_status":"","ping_status":"","sticky":false,"template":"","format":"standard","meta":{"footnotes":""},"categories":[142],"tags":[1353,6973,114,115,980,1015,13987,619,32,33,1012,1751,151],"class_list":{"0":"post-182169","1":"post","2":"type-post","3":"status-publish","4":"format-standard","5":"has-post-thumbnail","7":"category-tv","8":"tag-animais","9":"tag-apresentador","10":"tag-entertainment","11":"tag-entretenimento","12":"tag-famosos","13":"tag-instagram","14":"tag-joao-baiao","15":"tag-nacional","16":"tag-portugal","17":"tag-pt","18":"tag-selfie","19":"tag-sic","20":"tag-tv"},"share_on_mastodon":{"url":"https:\/\/pubeurope.com\/@pt\/115692519235860698","error":""},"_links":{"self":[{"href":"https:\/\/www.europesays.com\/pt\/wp-json\/wp\/v2\/posts\/182169","targetHints":{"allow":["GET"]}}],"collection":[{"href":"https:\/\/www.europesays.com\/pt\/wp-json\/wp\/v2\/posts"}],"about":[{"href":"https:\/\/www.europesays.com\/pt\/wp-json\/wp\/v2\/types\/post"}],"author":[{"embeddable":true,"href":"https:\/\/www.europesays.com\/pt\/wp-json\/wp\/v2\/users\/2"}],"replies":[{"embeddable":true,"href":"https:\/\/www.europesays.com\/pt\/wp-json\/wp\/v2\/comments?post=182169"}],"version-history":[{"count":0,"href":"https:\/\/www.europesays.com\/pt\/wp-json\/wp\/v2\/posts\/182169\/revisions"}],"wp:featuredmedia":[{"embeddable":true,"href":"https:\/\/www.europesays.com\/pt\/wp-json\/wp\/v2\/media\/182170"}],"wp:attachment":[{"href":"https:\/\/www.europesays.com\/pt\/wp-json\/wp\/v2\/media?parent=182169"}],"wp:term":[{"taxonomy":"category","embeddable":true,"href":"https:\/\/www.europesays.com\/pt\/wp-json\/wp\/v2\/categories?post=182169"},{"taxonomy":"post_tag","embeddable":true,"href":"https:\/\/www.europesays.com\/pt\/wp-json\/wp\/v2\/tags?post=182169"}],"curies":[{"name":"wp","href":"https:\/\/api.w.org\/{rel}","templated":true}]}}