{"id":182206,"date":"2025-12-10T01:26:09","date_gmt":"2025-12-10T01:26:09","guid":{"rendered":"https:\/\/www.europesays.com\/pt\/182206\/"},"modified":"2025-12-10T01:26:09","modified_gmt":"2025-12-10T01:26:09","slug":"rede-de-viseu-que-vendia-droga-porta-a-porta-desmantelada-pela-gnr","status":"publish","type":"post","link":"https:\/\/www.europesays.com\/pt\/182206\/","title":{"rendered":"Rede de Viseu que vendia droga porta a porta desmantelada pela GNR"},"content":{"rendered":"<p>Uma rede de tr\u00e1fico de droga radicada, h\u00e1 v\u00e1rios anos, no distrito de Viseu foi desmantelada, nesta ter\u00e7a-feira, pela GNR. No final de uma opera\u00e7\u00e3o que envolveu 20 buscas, foram detidos quatro suspeitos, inclusive o l\u00edder da organiza\u00e7\u00e3o e o principal fornecedor de haxixe a coca\u00edna, um cadastrado de Matosinhos. Cinco mulheres escaparam \u00e0 deten\u00e7\u00e3o, mas foram constitu\u00eddas arguidas.<\/p>\n","protected":false},"excerpt":{"rendered":"Uma rede de tr\u00e1fico de droga radicada, h\u00e1 v\u00e1rios anos, no distrito de Viseu foi desmantelada, nesta ter\u00e7a-feira,&hellip;\n","protected":false},"author":2,"featured_media":182207,"comment_status":"","ping_status":"","sticky":false,"template":"","format":"standard","meta":{"footnotes":""},"categories":[10],"tags":[27,28,6031,2619,15,16,2002,14,603,25,26,21,22,12,13,19,20,32,23,24,33,32661,17,18,29,30,31,8721],"class_list":{"0":"post-182206","1":"post","2":"type-post","3":"status-publish","4":"format-standard","5":"has-post-thumbnail","7":"category-portugal","8":"tag-breaking-news","9":"tag-breakingnews","10":"tag-buscas","11":"tag-detidos","12":"tag-featured-news","13":"tag-featurednews","14":"tag-gnr","15":"tag-headlines","16":"tag-justica","17":"tag-latest-news","18":"tag-latestnews","19":"tag-main-news","20":"tag-mainnews","21":"tag-news","22":"tag-noticias","23":"tag-noticias-principais","24":"tag-noticiasprincipais","25":"tag-portugal","26":"tag-principais-noticias","27":"tag-principaisnoticias","28":"tag-pt","29":"tag-rede-de-trafico","30":"tag-top-stories","31":"tag-topstories","32":"tag-ultimas","33":"tag-ultimas-noticias","34":"tag-ultimasnoticias","35":"tag-viseu"},"share_on_mastodon":{"url":"https:\/\/pubeurope.com\/@pt\/115692672296485601","error":""},"_links":{"self":[{"href":"https:\/\/www.europesays.com\/pt\/wp-json\/wp\/v2\/posts\/182206","targetHints":{"allow":["GET"]}}],"collection":[{"href":"https:\/\/www.europesays.com\/pt\/wp-json\/wp\/v2\/posts"}],"about":[{"href":"https:\/\/www.europesays.com\/pt\/wp-json\/wp\/v2\/types\/post"}],"author":[{"embeddable":true,"href":"https:\/\/www.europesays.com\/pt\/wp-json\/wp\/v2\/users\/2"}],"replies":[{"embeddable":true,"href":"https:\/\/www.europesays.com\/pt\/wp-json\/wp\/v2\/comments?post=182206"}],"version-history":[{"count":0,"href":"https:\/\/www.europesays.com\/pt\/wp-json\/wp\/v2\/posts\/182206\/revisions"}],"wp:featuredmedia":[{"embeddable":true,"href":"https:\/\/www.europesays.com\/pt\/wp-json\/wp\/v2\/media\/182207"}],"wp:attachment":[{"href":"https:\/\/www.europesays.com\/pt\/wp-json\/wp\/v2\/media?parent=182206"}],"wp:term":[{"taxonomy":"category","embeddable":true,"href":"https:\/\/www.europesays.com\/pt\/wp-json\/wp\/v2\/categories?post=182206"},{"taxonomy":"post_tag","embeddable":true,"href":"https:\/\/www.europesays.com\/pt\/wp-json\/wp\/v2\/tags?post=182206"}],"curies":[{"name":"wp","href":"https:\/\/api.w.org\/{rel}","templated":true}]}}