{"id":182208,"date":"2025-12-10T01:31:18","date_gmt":"2025-12-10T01:31:18","guid":{"rendered":"https:\/\/www.europesays.com\/pt\/182208\/"},"modified":"2025-12-10T01:31:18","modified_gmt":"2025-12-10T01:31:18","slug":"surpresa-fora-de-secret-story-bruno-savate-lanca-dura-critica-a-pedro-jorge-falta-de-lealdade","status":"publish","type":"post","link":"https:\/\/www.europesays.com\/pt\/182208\/","title":{"rendered":"Surpresa fora de &#8220;Secret Story&#8221;! Bruno Savate lan\u00e7a dura cr\u00edtica a Pedro Jorge: &#8220;Falta de lealdade&#8221;"},"content":{"rendered":"<p><a href=\"https:\/\/selfie.iol.pt\/famosos\/bruno-savate\/secret-story-bruno-savate-critica-marisa-sempre-a-queimar-a-imagem-do-rapaz\/20251203\/6930306dd34e2bd5c6d4b22b\" target=\"_blank\" rel=\"nofollow noopener\">Bruno Savate<\/a> tem-se mostrado um fervoroso apoiante de Pedro Jorge e Leandro Martins mas, esta ter\u00e7a-feira, dia 9, surpreendeu os seguidores do Instagram ao tecer cr\u00edticas ao primeiro concorrente da nona edi\u00e7\u00e3o de &#8220;Secret Story &#8211; Casa dos Segredos&#8221;.<\/p>\n<p>O veterano de reality shows da <a href=\"https:\/\/tvi.iol.pt\/\" target=\"_blank\" rel=\"nofollow noopener\">TVI<\/a> reproduziu um v\u00eddeo de uma din\u00e2mica realizada, durante a manh\u00e3, na mans\u00e3o da Malveira. Com os participantes reunidos, Pedro Jorge foi desafiado a responder \u00e0 pergunta &#8220;Se dependesse s\u00f3 de ti, quem sairia hoje?&#8221;. &#8220;Vou responder a verdade: o Leandro. Pelo simples facto de que quero ganhar e, se puder eliminar quem, a meu ver, s\u00e3o os mais fortes do jogo, teria sempre mais oportunidades de o fazer. Por isso, se tivesse de eliminar, n\u00e3o olhava a meios para atingir o fim nesse sentido. Estamos numa reta final, por isso, sim, seria o Leandro. Por uma quest\u00e3o de jogo&#8221;, fundamentou o companheiro de Marisa Pires.<\/p>\n<p><a href=\"https:\/\/selfie.iol.pt\/famosos\/luis-goncalves\/estao-mesmo-zangados-luis-goncalves-conta-tudo-sobre-fim-da-amizade-com-bruno-savate\/20251203\/6930163ad34e2bd5c6d4afd7\" target=\"_blank\" rel=\"nofollow noopener\">Bruno Savate<\/a> n\u00e3o aprovou a decis\u00e3o de Pedro Jorge. &#8220;Aqui est\u00e1 a prova de que, num reality show, a amizade verdadeira \u00e9 rara. J\u00e1 vivi isso na pele dentro deste tipo de programas. E, se h\u00e1 algo com que n\u00e3o identifico, \u00e9 a falta de lealdade para com um amigo. Forte ou fraco, sempre quis ter os meus aliados ao meu lado at\u00e9 \u00e0 final&#8221;, defendeu o ex-concorrente de formatos do mesmo g\u00e9nero televisivo.<\/p>\n<p>Veja, agora, o v\u00eddeo do referido momento em &#8220;<a href=\"https:\/\/tvi.iol.pt\/secretstory\/\" target=\"_blank\" rel=\"nofollow noopener\">Secret Story<\/a> &#8211; Casa dos Segredos&#8221;.<\/p>\n<p style=\"text-align:center\"><img loading=\"lazy\" decoding=\"async\" alt=\"\" height=\"899\" src=\"https:\/\/www.europesays.com\/pt\/wp-content\/uploads\/2025\/12\/69385e35d34e3caad84c2e6b.webp\" width=\"500\"\/><\/p>\n<p>\u00a0<\/p>\n","protected":false},"excerpt":{"rendered":"Bruno Savate tem-se mostrado um fervoroso apoiante de Pedro Jorge e Leandro Martins mas, esta ter\u00e7a-feira, dia 9,&hellip;\n","protected":false},"author":2,"featured_media":144475,"comment_status":"","ping_status":"","sticky":false,"template":"","format":"standard","meta":{"footnotes":""},"categories":[142],"tags":[1253,2632,13471,6338,328,114,115,6309,980,1015,12397,26373,19184,21766,619,14646,21416,32,33,1014,1315,6985,16687,16686,1012,6986,16688,151,162],"class_list":{"0":"post-182208","1":"post","2":"type-post","3":"status-publish","4":"format-standard","5":"has-post-thumbnail","7":"category-tv","8":"tag-bruno-savate","9":"tag-casa-dos-segredos","10":"tag-casa-dos-segredos-9","11":"tag-concorrente","12":"tag-concorrentes","13":"tag-entertainment","14":"tag-entretenimento","15":"tag-ex-concorrente","16":"tag-famosos","17":"tag-instagram","18":"tag-leandro","19":"tag-leandro-martins","20":"tag-marisa","21":"tag-marisa-pires","22":"tag-nacional","23":"tag-pedro","24":"tag-pedro-jorge","25":"tag-portugal","26":"tag-pt","27":"tag-reality-show","28":"tag-secret-story","29":"tag-secret-story-casa-dos-segredos","30":"tag-secret-story-casa-dos-segredos-9","31":"tag-secret-story-9","32":"tag-selfie","33":"tag-ss","34":"tag-ss9","35":"tag-tv","36":"tag-tvi"},"share_on_mastodon":{"url":"https:\/\/pubeurope.com\/@pt\/115692692209929720","error":""},"_links":{"self":[{"href":"https:\/\/www.europesays.com\/pt\/wp-json\/wp\/v2\/posts\/182208","targetHints":{"allow":["GET"]}}],"collection":[{"href":"https:\/\/www.europesays.com\/pt\/wp-json\/wp\/v2\/posts"}],"about":[{"href":"https:\/\/www.europesays.com\/pt\/wp-json\/wp\/v2\/types\/post"}],"author":[{"embeddable":true,"href":"https:\/\/www.europesays.com\/pt\/wp-json\/wp\/v2\/users\/2"}],"replies":[{"embeddable":true,"href":"https:\/\/www.europesays.com\/pt\/wp-json\/wp\/v2\/comments?post=182208"}],"version-history":[{"count":0,"href":"https:\/\/www.europesays.com\/pt\/wp-json\/wp\/v2\/posts\/182208\/revisions"}],"wp:featuredmedia":[{"embeddable":true,"href":"https:\/\/www.europesays.com\/pt\/wp-json\/wp\/v2\/media\/144475"}],"wp:attachment":[{"href":"https:\/\/www.europesays.com\/pt\/wp-json\/wp\/v2\/media?parent=182208"}],"wp:term":[{"taxonomy":"category","embeddable":true,"href":"https:\/\/www.europesays.com\/pt\/wp-json\/wp\/v2\/categories?post=182208"},{"taxonomy":"post_tag","embeddable":true,"href":"https:\/\/www.europesays.com\/pt\/wp-json\/wp\/v2\/tags?post=182208"}],"curies":[{"name":"wp","href":"https:\/\/api.w.org\/{rel}","templated":true}]}}