{"id":182214,"date":"2025-12-10T01:36:12","date_gmt":"2025-12-10T01:36:12","guid":{"rendered":"https:\/\/www.europesays.com\/pt\/182214\/"},"modified":"2025-12-10T01:36:12","modified_gmt":"2025-12-10T01:36:12","slug":"margarida-corceiro-usa-vestido-de-sonho-da-zara-na-vitoria-de-lando-so-custa-39-euros","status":"publish","type":"post","link":"https:\/\/www.europesays.com\/pt\/182214\/","title":{"rendered":"Margarida Corceiro usa vestido de sonho da Zara na vit\u00f3ria de Lando? S\u00f3 custa 39 euros"},"content":{"rendered":"<p>Recentemente, <a href=\"https:\/\/versa.iol.pt\/lando-norris\/margarida-corceiro\/o-beijo-de-margarida-corceiro-nao-pode-ser-melhor-do-que-este-vestido\/20250804\/68909ff4d34ef72ee4491246\" rel=\"nofollow noopener\" target=\"_blank\">Lando Norris celebrou uma das vit\u00f3rias mais importantes<\/a> da sua temporada na F\u00f3rmula 1, um momento que rapidamente se tornou viral nas redes sociais. Entre l\u00e1grimas, abra\u00e7os e beijos, houve um detalhe que captou a nossa aten\u00e7\u00e3o: o <a href=\"https:\/\/versa.iol.pt\/margarida-corceiro\/mala\/carteira-de-margarida-corceiro-e-para-usar-todos-os-dias-parfois-ou-bottega-venneta\/20251020\/68f63afbd34ee0c2fed174d4\" rel=\"nofollow noopener\" target=\"_blank\">look escolhido pela namorada, Margarida Corceiro<\/a>, para celebrar o momento ao lado do piloto.<\/p>\n<p>Os vestidos pretos sempre foram um cl\u00e1ssico indispens\u00e1vel no guarda-roupa: vers\u00e1teis, elegantes e perfeitos para praticamente todas as ocasi\u00f5es. Com sapatos mais cl\u00e1ssicos tornam-se ideais para um jantar especial, e com t\u00e9nis podem transformar-se num look pr\u00e1tico e descontra\u00eddo para o dia a dia. Os detalhes importam, mas este vestido n\u00e3o precisa de nada para se destacar por si mesmo.<\/p>\n<p>Apesar de parecer simples \u00e0 primeira vista, \u00e9 a sua constru\u00e7\u00e3o moderna que o torna especial. Trata-se de um modelo off shoulder,\u00a0com a parte superior estruturada e justa ao corpo, que remata numa saia comprida fluida em tecido transl\u00facido. Este contraste entre o top opaco e a suavidade transparente da saia cria movimento, leveza e um toque de eleg\u00e2ncia, perfeito para um momento de celebra\u00e7\u00e3o.<\/p>\n<p>Este modelo fez-nos lembrar um vestido da Zara, dispon\u00edvel por \u20ac39.95, uma op\u00e7\u00e3o acess\u00edvel e cheia de personalidade para quem procura um modelo preto elegante.\u00a0<\/p>\n<p>Se tamb\u00e9m est\u00e1s \u00e0 procura do vestido preto ideal, reunimos uma galeria de <a href=\"https:\/\/versa.iol.pt\/zara\/helena-coelho\/obrigada-helena-coelho-pela-lista-dos-melhores-vestidos-da-zara\/20250826\/68addbb9d34e3f0baea201e7\" rel=\"nofollow noopener\" target=\"_blank\">sugest\u00f5es elegantes para te ajudar a encontrar o teu favorito<\/a>.<\/p>\n","protected":false},"excerpt":{"rendered":"Recentemente, Lando Norris celebrou uma das vit\u00f3rias mais importantes da sua temporada na F\u00f3rmula 1, um momento que&hellip;\n","protected":false},"author":2,"featured_media":182215,"comment_status":"","ping_status":"","sticky":false,"template":"","format":"standard","meta":{"footnotes":""},"categories":[85],"tags":[1081,204,114,115,754,5020,186,719,1079,32,33,1078,1080,3480],"class_list":{"0":"post-182214","1":"post","2":"type-post","3":"status-publish","4":"format-standard","5":"has-post-thumbnail","7":"category-entretenimento","8":"tag-beleza","9":"tag-design","10":"tag-entertainment","11":"tag-entretenimento","12":"tag-gastronomia","13":"tag-lando-norris","14":"tag-lifestyle","15":"tag-margarida-corceiro","16":"tag-moda","17":"tag-portugal","18":"tag-pt","19":"tag-versa","20":"tag-viagens","21":"tag-zara"},"share_on_mastodon":{"url":"https:\/\/pubeurope.com\/@pt\/115692711832665907","error":""},"_links":{"self":[{"href":"https:\/\/www.europesays.com\/pt\/wp-json\/wp\/v2\/posts\/182214","targetHints":{"allow":["GET"]}}],"collection":[{"href":"https:\/\/www.europesays.com\/pt\/wp-json\/wp\/v2\/posts"}],"about":[{"href":"https:\/\/www.europesays.com\/pt\/wp-json\/wp\/v2\/types\/post"}],"author":[{"embeddable":true,"href":"https:\/\/www.europesays.com\/pt\/wp-json\/wp\/v2\/users\/2"}],"replies":[{"embeddable":true,"href":"https:\/\/www.europesays.com\/pt\/wp-json\/wp\/v2\/comments?post=182214"}],"version-history":[{"count":0,"href":"https:\/\/www.europesays.com\/pt\/wp-json\/wp\/v2\/posts\/182214\/revisions"}],"wp:featuredmedia":[{"embeddable":true,"href":"https:\/\/www.europesays.com\/pt\/wp-json\/wp\/v2\/media\/182215"}],"wp:attachment":[{"href":"https:\/\/www.europesays.com\/pt\/wp-json\/wp\/v2\/media?parent=182214"}],"wp:term":[{"taxonomy":"category","embeddable":true,"href":"https:\/\/www.europesays.com\/pt\/wp-json\/wp\/v2\/categories?post=182214"},{"taxonomy":"post_tag","embeddable":true,"href":"https:\/\/www.europesays.com\/pt\/wp-json\/wp\/v2\/tags?post=182214"}],"curies":[{"name":"wp","href":"https:\/\/api.w.org\/{rel}","templated":true}]}}