{"id":182221,"date":"2025-12-10T01:45:18","date_gmt":"2025-12-10T01:45:18","guid":{"rendered":"https:\/\/www.europesays.com\/pt\/182221\/"},"modified":"2025-12-10T01:45:18","modified_gmt":"2025-12-10T01:45:18","slug":"vem-ai-em-terra-forte-rosa-maria-sofre-choque-ao-saber-o-estado-de-saude-de-flor-novelas","status":"publish","type":"post","link":"https:\/\/www.europesays.com\/pt\/182221\/","title":{"rendered":"Vem a\u00ed em \u00abTerra Forte\u00bb: Rosa Maria sofre choque ao saber o estado de sa\u00fade de Flor &#8211; Novelas"},"content":{"rendered":"<p>Em \u00abTerra Forte\u00bb, <a href=\"https:\/\/tvi.iol.pt\/novelas\/videos\/terra-forte-rosinha-salva-a-vida-de-dudu\/68f61d030cf29d28d8297586\" rel=\"nofollow noopener\" target=\"_blank\">Rosinha (Francisca Salgado<\/a>) recrimina-se a <a href=\"https:\/\/tvi.iol.pt\/novelas\/videos\/terra-forte-dudu-apresenta-rosinha-a-sammy-e-a-rosa-maria\/68f7b86d0cf29d28d8297a76\" rel=\"nofollow noopener\" target=\"_blank\">Dudu (Tom\u00e1s Taborda)<\/a>\u00a0do acidente de <a href=\"https:\/\/tvi.iol.pt\/novelas\/videos\/terra-forte-no-dia-do-seu-aniversario-flor-recebe-uma-visita-inesperada\/68f65c7a0cf29d28d82976c8\" rel=\"nofollow noopener\" target=\"_blank\">Flor (Benedita Pereira)<\/a>\u00a0por ter sido ela quem insistiu com a m\u00e3e para ficarem no Brasil. Rosinha diz ter de ir \u00e0 praia ver o que se est\u00e1 a passar.<\/p>\n<p>Rosinha liga para <a href=\"https:\/\/tvi.iol.pt\/novelas\/videos\/terra-forte-emocionante-antonio-e-flor-trocam-juras-de-amor\/68f7b89d0cf29d28d8297a77\" rel=\"nofollow noopener\" target=\"_blank\">Ant\u00f3nio (Jo\u00e3o Catarr\u00e9)<\/a>, ficando muito preocupada por perceber pelo tom de voz dele que o estado de Flor \u00e9 grave. Rosinha abra\u00e7a <a href=\"https:\/\/tvi.iol.pt\/novelas\/videos\/terra-forte-maria-de-fatima-e-manuel-tinham-um-caso\/68f65cdc0cf29d28d82976cb\" rel=\"nofollow noopener\" target=\"_blank\">Maria de F\u00e1tima (Rita Pereira)<\/a> a agradecer-lhe por ter salvado a m\u00e3e. Todos olham tensos para Magui (Matilde Serrasqueiro) a perguntar-lhes o que se passa com Flor.<\/p>\n<p>Rosa Maria desmaia em choque por <a href=\"https:\/\/tvi.iol.pt\/novelas\/videos\/terra-forte-foi-dani-a-filha-de-maria-de-fatima-que-atingiu-a-propria-mae\/68f61cd50cf285ab53a6aaf8\" rel=\"nofollow noopener\" target=\"_blank\">Dani (Camy Ribau)<\/a>\u00a0lhe contar que foi Flor quem sofreu o acidente com o jet ski na praia.<\/p>\n<p>Recorde-se que Rosa Maria est\u00e1 capaz de tudo para defender a filha:<\/p>\n","protected":false},"excerpt":{"rendered":"Em \u00abTerra Forte\u00bb, Rosinha (Francisca Salgado) recrimina-se a Dudu (Tom\u00e1s Taborda)\u00a0do acidente de Flor (Benedita Pereira)\u00a0por ter sido&hellip;\n","protected":false},"author":2,"featured_media":182222,"comment_status":"","ping_status":"","sticky":false,"template":"","format":"standard","meta":{"footnotes":""},"categories":[142],"tags":[160,7951,166,18259,114,115,157,167,978,164,161,158,165,159,32,33,156,27871,18614,163,151,162],"class_list":{"0":"post-182221","1":"post","2":"type-post","3":"status-publish","4":"format-standard","5":"has-post-thumbnail","7":"category-tv","8":"tag-ana-guiomar","9":"tag-benedita-pereira","10":"tag-cristina-ferreira","11":"tag-custodia-gallego","12":"tag-entertainment","13":"tag-entretenimento","14":"tag-festa-e-festa","15":"tag-ficcao","16":"tag-flor","17":"tag-jose-fidalgo","18":"tag-novelas","19":"tag-para-sempre","20":"tag-pedro-sousa","21":"tag-pedro-teixeira","22":"tag-portugal","23":"tag-pt","24":"tag-queridos-papas","25":"tag-rosa-maria","26":"tag-terra-forte","27":"tag-tiago-teotonio-pereira","28":"tag-tv","29":"tag-tvi"},"share_on_mastodon":{"url":"https:\/\/pubeurope.com\/@pt\/115692747055366343","error":""},"_links":{"self":[{"href":"https:\/\/www.europesays.com\/pt\/wp-json\/wp\/v2\/posts\/182221","targetHints":{"allow":["GET"]}}],"collection":[{"href":"https:\/\/www.europesays.com\/pt\/wp-json\/wp\/v2\/posts"}],"about":[{"href":"https:\/\/www.europesays.com\/pt\/wp-json\/wp\/v2\/types\/post"}],"author":[{"embeddable":true,"href":"https:\/\/www.europesays.com\/pt\/wp-json\/wp\/v2\/users\/2"}],"replies":[{"embeddable":true,"href":"https:\/\/www.europesays.com\/pt\/wp-json\/wp\/v2\/comments?post=182221"}],"version-history":[{"count":0,"href":"https:\/\/www.europesays.com\/pt\/wp-json\/wp\/v2\/posts\/182221\/revisions"}],"wp:featuredmedia":[{"embeddable":true,"href":"https:\/\/www.europesays.com\/pt\/wp-json\/wp\/v2\/media\/182222"}],"wp:attachment":[{"href":"https:\/\/www.europesays.com\/pt\/wp-json\/wp\/v2\/media?parent=182221"}],"wp:term":[{"taxonomy":"category","embeddable":true,"href":"https:\/\/www.europesays.com\/pt\/wp-json\/wp\/v2\/categories?post=182221"},{"taxonomy":"post_tag","embeddable":true,"href":"https:\/\/www.europesays.com\/pt\/wp-json\/wp\/v2\/tags?post=182221"}],"curies":[{"name":"wp","href":"https:\/\/api.w.org\/{rel}","templated":true}]}}