{"id":182242,"date":"2025-12-10T02:13:10","date_gmt":"2025-12-10T02:13:10","guid":{"rendered":"https:\/\/www.europesays.com\/pt\/182242\/"},"modified":"2025-12-10T02:13:10","modified_gmt":"2025-12-10T02:13:10","slug":"air-europa-cancela-voos-e-iberia-reduz-rotas-para-portugal","status":"publish","type":"post","link":"https:\/\/www.europesays.com\/pt\/182242\/","title":{"rendered":"Air Europa cancela voos e Iberia reduz rotas para Portugal"},"content":{"rendered":"<p>A Air Europa vai cancelar na quinta-feira todos os seus 16 voos de e para Portugal, e a Iberia vai reduzir as suas rotas at\u00e9 75%, devido \u00e0 greve geral convocada contra a reforma da legisla\u00e7\u00e3o laboral.<\/p>\n<p>A Iberia confirmou esta ter\u00e7a-feira \u00e0 ag\u00eancia Efe que vai cancelar 75% dos seus voos de e para o Porto com v\u00e1rios aeroportos espanh\u00f3is, enquanto a taxa de cancelamento ser\u00e1 de 50% para os voos de e para Lisboa.<\/p>\n<p>De acordo com um comunicado da Air Europa, a companhia vai suspender todos os seus dezasseis voos de e para Portugal, todos com origem e destino no Aeroporto de Madrid-Barajas, que tinha oito voos (quatro de ida e quatro de regresso) para Lisboa e outros oito para o Porto.<\/p>\n<p><strong>A Air Europa informou os passageiros afetados que podem alterar as suas datas de viagem gratuitamente entre 9 e 18 de dezembro, alterar o seu percurso, solicitar um voucher ou obter o reembolso do bilhete.<\/strong><\/p>\n<p>Quatro sindicatos do setor da avia\u00e7\u00e3o emitiram esta ter\u00e7a-feira uma posi\u00e7\u00e3o conjunta de solidariedade com os trabalhadores portugueses na greve geral de quinta-feira, tendo criticado o anteprojeto de reforma laboral do Governo.<\/p>\n<p>Num comunicado conjunto o Sindicato dos Pilotos da Avia\u00e7\u00e3o Civil (SPAC), o Sindicato Nacional do Pessoal de Voo da Avia\u00e7\u00e3o Civil (SNPVAC), o Sindicato dos Trabalhadores da Avia\u00e7\u00e3o e Aeroportos (Sitava) e o Sindicato dos T\u00e9cnicos de Manuten\u00e7\u00e3o de Aeronaves (Sitema) consideraram que o anteprojeto Trabalho XXI \u00e9 \u201cum retrocesso civilizacional\u201d.<\/p>\n<p>J\u00e1 o presidente executivo da TAP, Lu\u00eds Rodrigues, assegurou esta ter\u00e7a-feira que a companhia est\u00e1 preparada para a greve geral marcada para quinta-feira e prev\u00ea realizar um ter\u00e7o da opera\u00e7\u00e3o, tendo o esfor\u00e7o principal sido evitar que os passageiros sejam afetados.<\/p>\n<p>A greve geral de 11 de dezembro foi convocada pela CGTP e pela UGT contra a proposta de revis\u00e3o do C\u00f3digo do Trabalho e ser\u00e1 a primeira paralisa\u00e7\u00e3o conjunta das duas centrais desde junho de 2013, quando Portugal estava sob interven\u00e7\u00e3o da \u2018troika\u2019.<\/p>\n<p>As altera\u00e7\u00f5es previstas na proposta do Governo de reforma da legisla\u00e7\u00e3o laboral visam v\u00e1rias \u00e1reas, como a parentalidade, despedimentos, alargamento dos prazos dos contratos e setores que passam a estar abrangidos por servi\u00e7os m\u00ednimos em caso de greve.<\/p>\n","protected":false},"excerpt":{"rendered":"A Air Europa vai cancelar na quinta-feira todos os seus 16 voos de e para Portugal, e a&hellip;\n","protected":false},"author":2,"featured_media":182243,"comment_status":"","ping_status":"","sticky":false,"template":"","format":"standard","meta":{"footnotes":""},"categories":[50],"tags":[27,28,15,16,14,25,26,21,22,62,12,13,19,20,23,24,17,18,29,30,31,63,64,65],"class_list":{"0":"post-182242","1":"post","2":"type-post","3":"status-publish","4":"format-standard","5":"has-post-thumbnail","7":"category-mundo","8":"tag-breaking-news","9":"tag-breakingnews","10":"tag-featured-news","11":"tag-featurednews","12":"tag-headlines","13":"tag-latest-news","14":"tag-latestnews","15":"tag-main-news","16":"tag-mainnews","17":"tag-mundo","18":"tag-news","19":"tag-noticias","20":"tag-noticias-principais","21":"tag-noticiasprincipais","22":"tag-principais-noticias","23":"tag-principaisnoticias","24":"tag-top-stories","25":"tag-topstories","26":"tag-ultimas","27":"tag-ultimas-noticias","28":"tag-ultimasnoticias","29":"tag-world","30":"tag-world-news","31":"tag-worldnews"},"share_on_mastodon":{"url":"https:\/\/pubeurope.com\/@pt\/115692857023425273","error":""},"_links":{"self":[{"href":"https:\/\/www.europesays.com\/pt\/wp-json\/wp\/v2\/posts\/182242","targetHints":{"allow":["GET"]}}],"collection":[{"href":"https:\/\/www.europesays.com\/pt\/wp-json\/wp\/v2\/posts"}],"about":[{"href":"https:\/\/www.europesays.com\/pt\/wp-json\/wp\/v2\/types\/post"}],"author":[{"embeddable":true,"href":"https:\/\/www.europesays.com\/pt\/wp-json\/wp\/v2\/users\/2"}],"replies":[{"embeddable":true,"href":"https:\/\/www.europesays.com\/pt\/wp-json\/wp\/v2\/comments?post=182242"}],"version-history":[{"count":0,"href":"https:\/\/www.europesays.com\/pt\/wp-json\/wp\/v2\/posts\/182242\/revisions"}],"wp:featuredmedia":[{"embeddable":true,"href":"https:\/\/www.europesays.com\/pt\/wp-json\/wp\/v2\/media\/182243"}],"wp:attachment":[{"href":"https:\/\/www.europesays.com\/pt\/wp-json\/wp\/v2\/media?parent=182242"}],"wp:term":[{"taxonomy":"category","embeddable":true,"href":"https:\/\/www.europesays.com\/pt\/wp-json\/wp\/v2\/categories?post=182242"},{"taxonomy":"post_tag","embeddable":true,"href":"https:\/\/www.europesays.com\/pt\/wp-json\/wp\/v2\/tags?post=182242"}],"curies":[{"name":"wp","href":"https:\/\/api.w.org\/{rel}","templated":true}]}}