{"id":182277,"date":"2025-12-10T03:07:11","date_gmt":"2025-12-10T03:07:11","guid":{"rendered":"https:\/\/www.europesays.com\/pt\/182277\/"},"modified":"2025-12-10T03:07:11","modified_gmt":"2025-12-10T03:07:11","slug":"bts-faz-historia-ao-receber-honraria-presidencial-na-coreia-do-sul","status":"publish","type":"post","link":"https:\/\/www.europesays.com\/pt\/182277\/","title":{"rendered":"BTS faz hist\u00f3ria ao receber honraria presidencial na Coreia do Sul"},"content":{"rendered":"<p>ELES SEGUEM FAZENDO HIST\u00d3RIA! Na \u00faltima segunda-feira, 8, durante a 5\u00aa edi\u00e7\u00e3o do Korea Good Donation Awards, evento promovido pelo Minist\u00e9rio do Interior e Seguran\u00e7a e organizado pelo Conselho Coreano de Funda\u00e7\u00f5es, os integrantes do BTS receberam a men\u00e7\u00e3o presidencial, tornando-se o primeiro grupo musical coreano a honraria.<\/p>\n<p>Realizado desde o ano de 2021, segundo informa\u00e7\u00f5es do portal Koreaboo, o Korea Good Donation Awards visa incentivar e reconhecer indiv\u00edduos e organiza\u00e7\u00f5es que levam esperan\u00e7a e coragem \u00e0 sociedade por meio de a\u00e7\u00f5es de compartilhamento e doa\u00e7\u00e3o. No caso do <a href=\"https:\/\/www.instagram.com\/bts.bighitofficial\/\" target=\"_blank\" rel=\"noopener nofollow\">BTS<\/a>, o boygroup foi reconhecido devido \u00e0 sua campanha \u201c\u2019LOVE MYSELF\u201d, em parceria com a <a href=\"https:\/\/pt.wikipedia.org\/wiki\/Fundo_das_Na%C3%A7%C3%B5es_Unidas_para_a_Inf%C3%A2ncia\" target=\"_blank\" rel=\"noopener nofollow\">UNICEF<\/a>.<\/p>\n<p>Por meio de uma declara\u00e7\u00e3o \u00e0 imprensa, o septeto agradeceu \u00e0 honraria, afirmando que o pr\u00eamio \u00e9 \u201cum s\u00edmbolo de incentivo e apoio a todos que se identificaram com a mensagem\u201d.<\/p>\n<blockquote>\n<p>\u201cSentimos uma grande satisfa\u00e7\u00e3o em saber que a campanha \u2018LOVE MYSELF\u2019 teve um impacto positivo na sociedade. Este pr\u00eamio n\u00e3o \u00e9 tanto para n\u00f3s, mas sim um s\u00edmbolo de incentivo e apoio a todos que se identificaram com a mensagem que disseminamos atrav\u00e9s da campanha: \u2018Ame a si mesmo e ame o mundo\u2019. Queremos dedicar esta honra especialmente ao ARMY, que criou a campanha conosco. Continuaremos nos esfor\u00e7ando para sermos o BTS que contribui para uma mudan\u00e7a positiva\u201d, disse o BTS em pronunciamento.<\/p>\n<\/blockquote>\n<p> Mais sobre a campanha \u201cLOVE MYSELF\u201d <\/p>\n<p>No ano de 2017, o BTS se uniu \u00e0 UNICEF Coreia, tornando-se os primeiros artistas de <a href=\"https:\/\/recreio.com.br\/tags\/k-pop\" target=\"_blank\" rel=\"noopener nofollow\">k-pop<\/a> a firmar uma parceria com a organiza\u00e7\u00e3o, para o lan\u00e7amento da campanha \u201cLOVE MYSELF\u201d, baseada na mensagem apresentada em seus \u00e1lbuns.<\/p>\n<p>Atrav\u00e9s da campanha, o septeto buscou promover apoio psicol\u00f3gico para crian\u00e7as e adolescentes e a preven\u00e7\u00e3o da viol\u00eancia em 155 pa\u00edses e regi\u00f5es. Mais do que isso, a \u201cLOVE MYSELF\u201d tamb\u00e9m ofereceu programas de sa\u00fade mental para mais de 100 milh\u00f5es de pessoas ao redor do mundo.<\/p>\n<p>Desde ent\u00e3o, o BTS, ao lado da <a href=\"https:\/\/ibighit.com\/\" target=\"_blank\" rel=\"noopener nofollow\">BigHit Music<\/a>, se firmaram como o maior parceiro privado do UNICEF na prote\u00e7\u00e3o global da inf\u00e2ncia. Por meio da colabora\u00e7\u00e3o, eles conseguiram arrecadar com a ajuda dos f\u00e3s cerca de \u20a99,20 bilh\u00f5es de KRW (aproximadamente de US$ 6,26 milh\u00f5es).<\/p>\n<p>        <a href=\"https:\/\/recreio.com.br\/noticias\/author\/daniela-bazi\" rel=\"nofollow noopener\" target=\"_blank\">&#13;<br \/>\n          <img loading=\"lazy\" alt=\"Daniela Bazi\" src=\"https:\/\/www.europesays.com\/pt\/wp-content\/uploads\/2025\/12\/1765336031_438_701cc86240953f42e068ecf8a0bb18dadb05bc88d7e776f8edb20aaea33b4eea\"  class=\"avatar avatar-115 photo rounded-circle mr-3\" height=\"115\" width=\"115\" decoding=\"async\"\/>        <\/a><\/p>\n<p>Daniela Bazi \u00e9 jornalista graduada pela UNINOVE, e bruxa formada na Escola de Magia e Bruxaria de Hogwarts. Amante de anima\u00e7\u00f5es, filmes e s\u00e9ries, tamb\u00e9m \u00e9 f\u00e3 de divas pop, entusiasta da Disney e k-popper nas horas vagas.<\/p>\n<p>\t                                            <script async src=\"\/\/www.instagram.com\/embed.js\"><\/script><\/p>\n","protected":false},"excerpt":{"rendered":"ELES SEGUEM FAZENDO HIST\u00d3RIA! Na \u00faltima segunda-feira, 8, durante a 5\u00aa edi\u00e7\u00e3o do Korea Good Donation Awards, evento&hellip;\n","protected":false},"author":2,"featured_media":114292,"comment_status":"","ping_status":"","sticky":false,"template":"","format":"standard","meta":{"footnotes":""},"categories":[141],"tags":[2343,2344,3092,114,115,1688,37254,149,150,32,33],"class_list":{"0":"post-182277","1":"post","2":"type-post","3":"status-publish","4":"format-standard","5":"has-post-thumbnail","7":"category-musica","8":"tag-bighit-music","9":"tag-bts","10":"tag-coreia-do-sul","11":"tag-entertainment","12":"tag-entretenimento","13":"tag-k-pop","14":"tag-korea-good-donation-awards","15":"tag-music","16":"tag-musica","17":"tag-portugal","18":"tag-pt"},"share_on_mastodon":{"url":"https:\/\/pubeurope.com\/@pt\/115693069683688485","error":""},"_links":{"self":[{"href":"https:\/\/www.europesays.com\/pt\/wp-json\/wp\/v2\/posts\/182277","targetHints":{"allow":["GET"]}}],"collection":[{"href":"https:\/\/www.europesays.com\/pt\/wp-json\/wp\/v2\/posts"}],"about":[{"href":"https:\/\/www.europesays.com\/pt\/wp-json\/wp\/v2\/types\/post"}],"author":[{"embeddable":true,"href":"https:\/\/www.europesays.com\/pt\/wp-json\/wp\/v2\/users\/2"}],"replies":[{"embeddable":true,"href":"https:\/\/www.europesays.com\/pt\/wp-json\/wp\/v2\/comments?post=182277"}],"version-history":[{"count":0,"href":"https:\/\/www.europesays.com\/pt\/wp-json\/wp\/v2\/posts\/182277\/revisions"}],"wp:featuredmedia":[{"embeddable":true,"href":"https:\/\/www.europesays.com\/pt\/wp-json\/wp\/v2\/media\/114292"}],"wp:attachment":[{"href":"https:\/\/www.europesays.com\/pt\/wp-json\/wp\/v2\/media?parent=182277"}],"wp:term":[{"taxonomy":"category","embeddable":true,"href":"https:\/\/www.europesays.com\/pt\/wp-json\/wp\/v2\/categories?post=182277"},{"taxonomy":"post_tag","embeddable":true,"href":"https:\/\/www.europesays.com\/pt\/wp-json\/wp\/v2\/tags?post=182277"}],"curies":[{"name":"wp","href":"https:\/\/api.w.org\/{rel}","templated":true}]}}