{"id":182288,"date":"2025-12-10T03:31:20","date_gmt":"2025-12-10T03:31:20","guid":{"rendered":"https:\/\/www.europesays.com\/pt\/182288\/"},"modified":"2025-12-10T03:31:20","modified_gmt":"2025-12-10T03:31:20","slug":"ticiane-pinheiro-deixa-a-record-depois-de-20-anos-veja-comunicado-da-emissora","status":"publish","type":"post","link":"https:\/\/www.europesays.com\/pt\/182288\/","title":{"rendered":"Ticiane Pinheiro deixa a Record depois de 20 anos; veja comunicado da emissora"},"content":{"rendered":"<p>\n                        Atriz e apresentadora estava no canal desde que estreou na novela &#8216;Prova de Amor&#8217;, de 2005\n                    <\/p>\n<p>\n                                    9 dez<br \/>\n                                    2025<br \/>\n                                     &#8211; 16h52\n                                <\/p>\n<p>\n                                                                                                                        (atualizado \u00e0s 17h12)\n                                                                            <\/p>\n<p><img loading=\"lazy\" decoding=\"async\" alt=\"Ticiane Pinheiro participo normalmente do 'Hoje em Dia' no dia em que oficializou sua sa\u00edda da Record\" class=\"img-2190c3c3e7849009cf91d0886d824f22tfd78uj8\" height=\"1356\" src=\"https:\/\/www.europesays.com\/pt\/wp-content\/uploads\/2025\/12\/433075268-o4d6bimbprcbre72prm2l5gc6q.jpg\"  title=\"Ticiane Pinheiro participo normalmente do 'Hoje em Dia' no dia em que oficializou sua sa\u00edda da Record\" width=\"774\"\/><\/p>\n<p>Ticiane Pinheiro participo normalmente do &#8216;Hoje em Dia&#8217; no dia em que oficializou sua sa\u00edda da Record<\/p>\n<p>Foto: @ticipinheiro via Instagram\/Reprodu\u00e7\u00e3o \/ Estad\u00e3o<\/p>\n<p class=\"text\"><b>Ticiane Pinheiro<\/b> oficializou sua sa\u00edda da <b>Record<\/b> nesta ter\u00e7a-feira, 9. Depois de 20 anos na emissora, a atriz e apresentadora &#8211; e esposa de <b>C\u00e9sar Tralli<\/b>, novo apresentador do Jornal Nacional &#8211; n\u00e3o teve seu contrato renovado, conforme informou a assessoria do canal em comunicado enviado para a imprensa. A decis\u00e3o pela n\u00e3o renova\u00e7\u00e3o do v\u00ednculo foi tomada em &#8220;comum acordo pelas partes&#8221; e de &#8220;maneira alinhada e respeitosa&#8221;.<\/p>\n<p class=\"text\">No informe, a Record destacou a trajet\u00f3ria de Ticiane ao longo das \u00faltimas duas d\u00e9cadas, dizendo que seu tempo na emissora foi &#8220;marcado por profissionalismo e dedica\u00e7\u00e3o&#8221;. &#8220;Seu trabalho contribuiu significativamente para a constru\u00e7\u00e3o de momentos importantes da nossa hist\u00f3ria&#8221;, completou o canal.<\/p>\n<p class=\"text\">Ticiane estava na emissora desde 2005, estreando na novela Prova de Amor. Ao longo dos anos, ela ainda integrou os elencos de Cidad\u00e3o Brasileiro e Louca Fam\u00edlia. Como apresentadora, ela comandou atra\u00e7\u00f5es como Simple Life: Mudando de Vida, ao lado de <b>Karina Bacchi<\/b>, e Troca de Esposas. H\u00e1 dez anos, ela integrava o quadro fixo de apresentadores do Hoje em Dia.<\/p>\n<p class=\"text\">Nas redes sociais, Ticiane chegou a postar, na manh\u00e3 desta ter\u00e7a-feira, compartilhando uma foto ao lado do diretor do Hoje em Dia, <b>Bruno Gomes<\/b>. Na legenda, ela escreveu apenas que estava &#8220;passando o programa logo cedo&#8221;.<\/p>\n<p class=\"text\">Atualmente dividindo seus compromissos profissionais em S\u00e3o Paulo e sua vida ao lado de Tralli Rio de Janeiro, Ticiane vinha alternando seu dia a dia entre as duas cidades. Apesar do fim de seu contrato com a Record, a apresentadora ainda n\u00e3o informou se pretende se mudar em definitivo para a capital fluminense. Recentemente, ela revelou ter entrado em acordo com <b>Rafa Justus<\/b>, filha que compartilha com o empres\u00e1rio <b>Roberto Justus<\/b>, para que a garota decidisse onde gostaria de morar.<\/p>\n<p class=\"text\">Em entrevista a <b>Ana Maria Braga<\/b>, Tralli, que tem uma filha de seis anos, Manuela, com Ticiane, afirmou que, por enquanto, a fam\u00edlia se dividir\u00e1 entre Rio e S\u00e3o Paulo. &#8220;\u00c9 claro que, pelo fato de a gente ser uma fam\u00edlia muito unida, muito pr\u00f3xima e com muito amor e carinho um pelo outro, tudo vai ser feito no sentido de que todos possam ir&#8221;, disse o apresentador do Jornal Nacional. &#8220;\u00c9 uma fase de adapta\u00e7\u00e3o. Eu quero crer que, num primeiro momento, vou ficar na ponte a\u00e9rea.&#8221;<\/p>\n<p>Confira o comunicado completo enviado pela Record<\/p>\n<p class=\"text\">A RECORD informa que, em comum acordo entre as partes, o contrato da apresentadora Ticiane Pinheiro chega ao fim e n\u00e3o ser\u00e1 renovado. A decis\u00e3o foi tomada de maneira alinhada e respeitosa, ap\u00f3s uma trajet\u00f3ria marcada por profissionalismo e dedica\u00e7\u00e3o.<\/p>\n<p class=\"text\">Ao longo de duas d\u00e9cadas, Ticiane esteve presente em diversos formatos. Atuou nas novelas &#8220;Prova de Amor&#8221; (2005), interpretando a golpista Maria Dulce, e em &#8220;Cidad\u00e3o Brasileiro&#8221; (2006) foi Cl\u00e1udia, uma jovem hippie que lutava contra a ditadura militar no Brasil.<\/p>\n<p class=\"text\">Em 2007, ao lado de Karina Bacchi, mostrou com muito humor como foi a experi\u00eancia de vida no campo no reality &#8220;Simple Life: Mudando de Vida&#8221;. Dois anos depois, em 2009, fez parte do elenco fixo do sitcom &#8220;Louca Fam\u00edlia&#8221;, comandado por Tom Cavalcante. Foi rep\u00f3rter do &#8220;Hoje em Dia&#8221; a partir de 2007 e, em 2012, se consolidou como apresentadora e assumiu o &#8220;Programa da Tarde&#8221;.<\/p>\n<p class=\"text\">Tamb\u00e9m apresentou o reality &#8220;Troca de Esposas&#8221; (2019, 2020, 2023) e o &#8220;Canta Comigo Teen&#8221; (de 2020 a 2024). Estava desde 2015 no time de apresentadores oficiais do &#8220;Hoje em Dia&#8221;.<\/p>\n<p class=\"text\">A RECORD agradece o talento, a parceria e todo o empenho ao longo de sua jornada na emissora. Seu trabalho contribuiu significativamente para a constru\u00e7\u00e3o de momentos importantes da nossa hist\u00f3ria.<\/p>\n<p class=\"text\">Desejamos a Ticiane Pinheiro pleno sucesso em seus novos projetos, caminhos profissionais e dedica\u00e7\u00e3o \u00e0 sua fam\u00edlia.<\/p>\n","protected":false},"excerpt":{"rendered":"Atriz e apresentadora estava no canal desde que estreou na novela &#8216;Prova de Amor&#8217;, de 2005 9 dez&hellip;\n","protected":false},"author":2,"featured_media":182289,"comment_status":"","ping_status":"","sticky":false,"template":"","format":"standard","meta":{"footnotes":""},"categories":[145],"tags":[211,210,114,115,32,33,4787,13422],"class_list":{"0":"post-182288","1":"post","2":"type-post","3":"status-publish","4":"format-standard","5":"has-post-thumbnail","7":"category-celebridades","8":"tag-celebridades","9":"tag-celebrities","10":"tag-entertainment","11":"tag-entretenimento","12":"tag-portugal","13":"tag-pt","14":"tag-ticiane-pinheiro","15":"tag-tv-record"},"share_on_mastodon":{"url":"https:\/\/pubeurope.com\/@pt\/115693164101913446","error":""},"_links":{"self":[{"href":"https:\/\/www.europesays.com\/pt\/wp-json\/wp\/v2\/posts\/182288","targetHints":{"allow":["GET"]}}],"collection":[{"href":"https:\/\/www.europesays.com\/pt\/wp-json\/wp\/v2\/posts"}],"about":[{"href":"https:\/\/www.europesays.com\/pt\/wp-json\/wp\/v2\/types\/post"}],"author":[{"embeddable":true,"href":"https:\/\/www.europesays.com\/pt\/wp-json\/wp\/v2\/users\/2"}],"replies":[{"embeddable":true,"href":"https:\/\/www.europesays.com\/pt\/wp-json\/wp\/v2\/comments?post=182288"}],"version-history":[{"count":0,"href":"https:\/\/www.europesays.com\/pt\/wp-json\/wp\/v2\/posts\/182288\/revisions"}],"wp:featuredmedia":[{"embeddable":true,"href":"https:\/\/www.europesays.com\/pt\/wp-json\/wp\/v2\/media\/182289"}],"wp:attachment":[{"href":"https:\/\/www.europesays.com\/pt\/wp-json\/wp\/v2\/media?parent=182288"}],"wp:term":[{"taxonomy":"category","embeddable":true,"href":"https:\/\/www.europesays.com\/pt\/wp-json\/wp\/v2\/categories?post=182288"},{"taxonomy":"post_tag","embeddable":true,"href":"https:\/\/www.europesays.com\/pt\/wp-json\/wp\/v2\/tags?post=182288"}],"curies":[{"name":"wp","href":"https:\/\/api.w.org\/{rel}","templated":true}]}}