{"id":182305,"date":"2025-12-10T04:11:10","date_gmt":"2025-12-10T04:11:10","guid":{"rendered":"https:\/\/www.europesays.com\/pt\/182305\/"},"modified":"2025-12-10T04:11:10","modified_gmt":"2025-12-10T04:11:10","slug":"ministerio-da-educacao-determina-regresso-as-escolas-de-169-professores-em-mobilidade-nos-seus-servicos","status":"publish","type":"post","link":"https:\/\/www.europesays.com\/pt\/182305\/","title":{"rendered":"Minist\u00e9rio da Educa\u00e7\u00e3o determina regresso \u00e0s escolas de 169 professores em mobilidade nos seus servi\u00e7os"},"content":{"rendered":"<p>&#13;<br \/>\n&#8220;O Ministro da Educa\u00e7\u00e3o, Ci\u00eancia e Inova\u00e7\u00e3o, Fernando Alexandre, determinou o regresso \u00e0s escolas de mais 169 professores que at\u00e9 agora exerciam fun\u00e7\u00f5es, em mobilidade, nos servi\u00e7os do Minist\u00e9rio da Educa\u00e7\u00e3o, Ci\u00eancia e Inova\u00e7\u00e3o (MECI) ou em outros servi\u00e7os da Administra\u00e7\u00e3o P\u00fablica&#8221;, l\u00ea-se na nota divulgada esta noite.&#13;\n<\/p>\n<p>&#13;<br \/>\nE &#8220;a maioria destes docentes pertence a Grupos de Recrutamento e a Quadros de Zona Pedag\u00f3gica carenciados, podendo assegurar aulas a milhares de alunos&#8221;, sobretudo nas \u00e1reas disciplinares e nas regi\u00f5es do pa\u00eds onde se verifica maior escassez de professores e mais dificuldades de contrata\u00e7\u00e3o ou substitui\u00e7\u00e3o, na sequ\u00eancia de baixas m\u00e9dicas ou de aposenta\u00e7\u00f5es, por exemplo.&#13;\n<\/p>\n<p>&#13;<br \/>\nEstes professores poder\u00e3o ainda &#8220;garantir respostas pedag\u00f3gicas essenciais, designadamente apoios educativos, coadjuva\u00e7\u00f5es e outras necess\u00e1rias ao funcionamento das escolas&#8221;, adianta o MECI na nota.&#13;\n<\/p>\n<p>&#13;<br \/>\nAssim, os professores, que v\u00e3o regressar \u00e0s escolas &#8220;a partir de janeiro&#8221;, ou seja, no in\u00edcio do 2\u00ba per\u00edodo letivo, pertencem, sobretudo, a grupos de recrutamento deficit\u00e1rios, &#8220;como \u00e9 o caso do 1.\u00ba ciclo do Ensino B\u00e1sico [36 docentes]&#8221;, informa. &#13;\n<\/p>\n<p>&#13;<br \/>\nAl\u00e9m disso, &#8220;na sua maioria&#8221;, pertencem a escolas localizadas nos Quadros de Zona Pedag\u00f3gica 45 (Vila Franca de Xira, Loures, Sintra, Cascais, Oeiras, Amadora, Odivelas e Lisboa) e 46 (Almada, Seixal, Barreiro, Moita, Montijo, Alcochete, Palmela, Sesimbra e Set\u00fabal), especifica.&#13;\n<\/p>\n<p>&#13;<br \/>\nAtualmente, estes docentes encontram-se a exercer fun\u00e7\u00f5es, na Dire\u00e7\u00e3o-Geral dos Estabelecimentos Escolares (DGEstE), na Dire\u00e7\u00e3o-Geral da Educa\u00e7\u00e3o (DGE), na Secretaria-Geral da Educa\u00e7\u00e3o e Ci\u00eancia, na Dire\u00e7\u00e3o-Geral da Administra\u00e7\u00e3o Escolar (DGAE), na Ag\u00eancia Nacional para a Qualifica\u00e7\u00e3o e o Ensino Profissional (ANQEP) ou no Instituto de Gest\u00e3o Financeira da Educa\u00e7\u00e3o (IGeFE), entre outros.&#13;\n<\/p>\n<p>&#13;<br \/>\nSegundo o comunicado, a exce\u00e7\u00e3o \u00e0 cessa\u00e7\u00e3o de mobilidade agora determinada s\u00e3o os docentes que se encontram em servi\u00e7os &#8220;cuja interven\u00e7\u00e3o assegure respostas urgentes, essenciais e indispens\u00e1veis \u00e0 prote\u00e7\u00e3o de crian\u00e7as e jovens, designadamente em contextos de particular vulnerabilidade&#8221;.&#13;\n<\/p>\n<p>&#13;<br \/>\nA decis\u00e3o agora tomada deve-se a uma nova organiza\u00e7\u00e3o dos servi\u00e7os do MECI que permitiu libertar mais docentes para as escolas, destaca.&#13;\n<\/p>\n<p>&#13;<br \/>\nConsoante a nota, a nova org\u00e2nica do MECI, com a cria\u00e7\u00e3o da Ag\u00eancia para a Gest\u00e3o do Sistema Educativo (AGSE) e do Instituto de Educa\u00e7\u00e3o, Qualidade e Avalia\u00e7\u00e3o (EduQA), permitiu, at\u00e9 ao momento, &#8220;o regresso \u00e0s escolas de 257 professores, de um total de 515 professores afetos aos servi\u00e7os do MECI at\u00e9 ao in\u00edcio da reforma do Minist\u00e9rio&#8221;. E permanecem na AGSE e no EduQA os docentes indispens\u00e1veis \u00e0s fun\u00e7\u00f5es e processos considerados essenciais ao seu bom funcionamento.&#13;\n<\/p>\n<p>&#13;<br \/>\nNa nota, o ministro agradece aos professores que exerceram fun\u00e7\u00f5es nos servi\u00e7os do MECI ou noutros da Administra\u00e7\u00e3o P\u00fablica. &#13;\n<\/p>\n<p>&#13;<br \/>\nMas, o minist\u00e9rio sublinha que &#8220;a garantia de que todos os alunos t\u00eam aulas \u00e9 condi\u00e7\u00e3o essencial para que a Escola P\u00fablica cumpra a sua miss\u00e3o de assegurar a igualdade de oportunidades para todos os alunos, promovendo o sucesso educativo em todo o territ\u00f3rio&#8221;.&#13;\n<\/p>\n<p>&#13;<br \/>\nAdmitindo que a aus\u00eancia de aulas, causada pela escassez de professores, &#8220;lesa o percurso escolar de milhares de crian\u00e7as e jovens, compromete o investimento das fam\u00edlias e do Estado, e fere a confian\u00e7a da sociedade portuguesa no sistema educativo e, em particular, na Escola P\u00fablica&#8221;.&#13;<\/p>\n","protected":false},"excerpt":{"rendered":"&#13; &#8220;O Ministro da Educa\u00e7\u00e3o, Ci\u00eancia e Inova\u00e7\u00e3o, Fernando Alexandre, determinou o regresso \u00e0s escolas de mais 169&hellip;\n","protected":false},"author":2,"featured_media":151896,"comment_status":"","ping_status":"","sticky":false,"template":"","format":"standard","meta":{"footnotes":""},"categories":[10],"tags":[27,28,109,15,16,14,37258,25,26,21,22,12,13,19,20,37257,32,23,24,33,17,18,29,30,31],"class_list":{"0":"post-182305","1":"post","2":"type-post","3":"status-publish","4":"format-standard","5":"has-post-thumbnail","7":"category-portugal","8":"tag-breaking-news","9":"tag-breakingnews","10":"tag-ciencia","11":"tag-featured-news","12":"tag-featurednews","13":"tag-headlines","14":"tag-iacao","15":"tag-latest-news","16":"tag-latestnews","17":"tag-main-news","18":"tag-mainnews","19":"tag-news","20":"tag-noticias","21":"tag-noticias-principais","22":"tag-noticiasprincipais","23":"tag-pedagogica-franca","24":"tag-portugal","25":"tag-principais-noticias","26":"tag-principaisnoticias","27":"tag-pt","28":"tag-top-stories","29":"tag-topstories","30":"tag-ultimas","31":"tag-ultimas-noticias","32":"tag-ultimasnoticias"},"share_on_mastodon":{"url":"https:\/\/pubeurope.com\/@pt\/115693321120699685","error":""},"_links":{"self":[{"href":"https:\/\/www.europesays.com\/pt\/wp-json\/wp\/v2\/posts\/182305","targetHints":{"allow":["GET"]}}],"collection":[{"href":"https:\/\/www.europesays.com\/pt\/wp-json\/wp\/v2\/posts"}],"about":[{"href":"https:\/\/www.europesays.com\/pt\/wp-json\/wp\/v2\/types\/post"}],"author":[{"embeddable":true,"href":"https:\/\/www.europesays.com\/pt\/wp-json\/wp\/v2\/users\/2"}],"replies":[{"embeddable":true,"href":"https:\/\/www.europesays.com\/pt\/wp-json\/wp\/v2\/comments?post=182305"}],"version-history":[{"count":0,"href":"https:\/\/www.europesays.com\/pt\/wp-json\/wp\/v2\/posts\/182305\/revisions"}],"wp:featuredmedia":[{"embeddable":true,"href":"https:\/\/www.europesays.com\/pt\/wp-json\/wp\/v2\/media\/151896"}],"wp:attachment":[{"href":"https:\/\/www.europesays.com\/pt\/wp-json\/wp\/v2\/media?parent=182305"}],"wp:term":[{"taxonomy":"category","embeddable":true,"href":"https:\/\/www.europesays.com\/pt\/wp-json\/wp\/v2\/categories?post=182305"},{"taxonomy":"post_tag","embeddable":true,"href":"https:\/\/www.europesays.com\/pt\/wp-json\/wp\/v2\/tags?post=182305"}],"curies":[{"name":"wp","href":"https:\/\/api.w.org\/{rel}","templated":true}]}}