{"id":182313,"date":"2025-12-10T04:25:12","date_gmt":"2025-12-10T04:25:12","guid":{"rendered":"https:\/\/www.europesays.com\/pt\/182313\/"},"modified":"2025-12-10T04:25:12","modified_gmt":"2025-12-10T04:25:12","slug":"montenegro-diz-que-e-bom-sinal-oposicao-querer-menos","status":"publish","type":"post","link":"https:\/\/www.europesays.com\/pt\/182313\/","title":{"rendered":"Montenegro diz que \u00e9 &#8220;bom sinal&#8221; oposi\u00e7\u00e3o &#8220;querer menos&#8221;"},"content":{"rendered":"<p>O primeiro-ministro disse nesta ter\u00e7a-feira ser \u201cum bom sinal\u201d quando \u00e9 o Governo que tra\u00e7a objetivos \u201cmais ambiciosos\u201d e s\u00e3o \u201c<strong>as oposi\u00e7\u00f5es que querem menos<\/strong>\u201c, numa resposta ao secret\u00e1rio-geral do PS sobre as <strong>metas mais elevadas<\/strong> que apontou para os sal\u00e1rios.<\/p>\n<p>Na sess\u00e3o de abertura do F\u00f3rum Econ\u00f3mico Portugal-Mo\u00e7ambique, que se seguiu \u00e0 sexta cimeira bilateral entre os dois pa\u00edses, que decorreu no Porto, Lu\u00eds Montenegro aproveitou para responder \u00e0s <a href=\"https:\/\/sapo.pt\/artigo\/ps-acusa-montenegro-de-lancar-cenoura-aos-trabalhadores-6933773720ab036920c92a69\" rel=\"nofollow noopener\" target=\"_blank\">cr\u00edticas de Jos\u00e9 Lu\u00eds Carneiro<\/a>.<\/p>\n<p>O l\u00edder socialista considerou no domingo ser \u201c<strong>pouco digno<\/strong>\u201d o primeiro-ministro fazer um \u201cleil\u00e3o de valoriza\u00e7\u00f5es salariais\u201d, depois de o chefe do Governo ter falado num sal\u00e1rio m\u00ednimo de 1.600 euros,<strong> dias antes de uma greve geral.<\/strong><\/p>\n<p>No final do seu discurso, Montenegro considerou que se vive \u201c<strong>um tempo singular<\/strong>\u201c.<\/p>\n<p>\u201cQuando um l\u00edder pol\u00edtico aparece a querer motivar, mobilizar o pa\u00eds para aproveitar a embalagem e apresentar novos e mais ambiciosos objetivos, nomeadamente na vertente salarial, s\u00e3o as oposi\u00e7\u00f5es que querem menos e o l\u00edder pol\u00edtico, que \u00e9 o primeiro-ministro, que quer mais. S\u00e3o os sindicatos que querem menos e o primeiro-ministro que quer mais\u201d, ironizou.<\/p>\n<p>Montenegro salientou que, habitualmente o que acontece \u00e9 o contr\u00e1rio: \u201cS\u00e3o os sindicatos e as oposi\u00e7\u00f5es a querer mais e o governo, pronto, a fazer contas \u00e0 vida e a ser um bocadinho mais comedido\u201d.<\/p>\n<p>\u201cIsto \u00e9 um <strong>bom sinal para Portugal.<\/strong> Quando n\u00f3s temos um governo ambicioso, quando temos um primeiro-ministro e um governo que querem e v\u00e3o mesmo mobilizar a capacidade das pessoas, das empresas para ir mais longe e aqueles que, legitimamente e democraticamente, n\u00e3o defendem exatamente as mesmas ideias do governo ficam incomodados, acreditem:<strong> o pa\u00eds est\u00e1 no bom caminho<\/strong> e deve deixar as querelas pol\u00edticas e partid\u00e1rias para segundo plano e concentrar-se no caminho\u201d, apelou.<\/p>\n<p>No s\u00e1bado, discursando no X Congresso Nacional dos Autarcas Social-Democratas (ASD), no Porto, o primeiro-ministro e presidente do PSD, Lu\u00eds Montenegro, <a href=\"https:\/\/sapo.pt\/artigo\/montenegro-quer-salario-minimo-nos-1-600-euros-69347feee49aa1415df5c2d5\" rel=\"nofollow noopener\" target=\"_blank\">aumentou os objetivos salariais para o pa\u00eds, falando em 1.600 euros de sal\u00e1rio m\u00ednimo e 3.000 euros de m\u00e9dio<\/a>, <strong>um dia ap\u00f3s mencionar valores inferiores.<\/strong><\/p>\n<p>\u201cN\u00f3s n\u00e3o queremos crescer 2% ao ano. Queremos crescer 3%, 3,5%, 4%. N\u00f3s queremos que o sal\u00e1rio m\u00ednimo n\u00e3o chegue aos 1.100 [euros]. Esse \u00e9 o objetivo que temos para esta legislatura, mas n\u00f3s queremos mais. Que chegue aos 1.500 ou aos 1.600\u201d, disse.<\/p>\n<p>O primeiro-ministro, que n\u00e3o prestou declara\u00e7\u00f5es \u00e0 comunica\u00e7\u00e3o social \u00e0 sa\u00edda, nunca se referiu \u00e0 lei laboral e \u00e0 greve geral marcada para quinta-feira, mas salientou que nos ciclos econ\u00f3micos favor\u00e1veis que<strong> se devem fazer reformas<\/strong> e deixou um pedido.<\/p>\n<p>\u201cO caminho \u00e9 de reforma, de transforma\u00e7\u00e3o. N\u00e3o \u00e9 de revolu\u00e7\u00e3o. N\u00e3o \u00e9 de mudan\u00e7as bruscas. N\u00e3o vale a pena virem como pap\u00f5es, n\u00e3o vale a pena virem tentar reintroduzir uma cultura de medo\u201d afirmou, dizendo que tal \u201cn\u00e3o cola\u201d nem tem \u201c<strong>ades\u00e3o \u00e0 realidade<\/strong>\u201c.<\/p>\n<p>O chefe do Governo disse que o seu objetivo s\u00e3o \u201cciclos de crescimento extensos, duradouros, intensos no desempenho, mas que sejam duradouros no tempo\u201d.<\/p>\n<p>\u201c\u00c9 por isso que <strong>\u00e9 preciso reformar.<\/strong> \u00c9 preciso reformar para estarmos preparados para resistir \u00e0s oscila\u00e7\u00f5es pr\u00f3prias dos ciclos econ\u00f3micos, para estarmos preparados para exponenciar o ciclo quando ele \u00e9 favor\u00e1vel e lev\u00e1-lo mais alto, mas para n\u00e3o perder muito quando o ciclo \u00e9 menos favor\u00e1vel. \u00c9 para isso que as<strong> reformas estruturais<\/strong> servem\u201d, afirmou.<\/p>\n<p>Montenegro reiterou que o momento nas rela\u00e7\u00f5es Portugal Mo\u00e7ambique \u00e9 de \u201clan\u00e7ar um novo ciclo\u201d e defendeu que \u201ca palavra de ordem \u00e9 <strong>confian\u00e7a<\/strong>\u201c, sobretudo das opini\u00f5es p\u00fablicas nos caminhos dos seus governos.<\/p>\n<p>\u201cE n\u00f3s sentimos que o povo est\u00e1 connosco de um lado e do outro, acredita que \u00e9 este o caminho\u201d, disse.<\/p>\n<p>Montenegro destacou novamente a escolha da revista de The Economist\u00a0de <a href=\"https:\/\/observador.pt\/liveblogs\/chega-faz-convencao-autarquica-numa-das-tres-camaras-que-conquistou-nas-eleicoes\/\" rel=\"nofollow noopener\" target=\"_blank\">Portugal como economia do ano<\/a>, defendendo que tal reconhece \u201co per\u00edodo de estabilidade financeira, de estabilidade econ\u00f3mica, de estabilidade social, de estabilidade pol\u00edtica\u201d.<\/p>\n<p>\u201cSem essas condi\u00e7\u00f5es n\u00e3o era poss\u00edvel sermos considerados a <strong>economia do ano<\/strong>. Sem essas condi\u00e7\u00f5es n\u00e3o era poss\u00edvel termos sido o pa\u00eds que em 2024 mais fez incrementar o rendimento dos seus trabalhadores\u201d, considerou.<\/p>\n","protected":false},"excerpt":{"rendered":"O primeiro-ministro disse nesta ter\u00e7a-feira ser \u201cum bom sinal\u201d quando \u00e9 o Governo que tra\u00e7a objetivos \u201cmais ambiciosos\u201d&hellip;\n","protected":false},"author":2,"featured_media":182314,"comment_status":"","ping_status":"","sticky":false,"template":"","format":"standard","meta":{"footnotes":""},"categories":[10],"tags":[27,28,15,16,14,25,26,21,22,12,13,19,20,32,23,24,33,17,18,29,30,31],"class_list":{"0":"post-182313","1":"post","2":"type-post","3":"status-publish","4":"format-standard","5":"has-post-thumbnail","7":"category-portugal","8":"tag-breaking-news","9":"tag-breakingnews","10":"tag-featured-news","11":"tag-featurednews","12":"tag-headlines","13":"tag-latest-news","14":"tag-latestnews","15":"tag-main-news","16":"tag-mainnews","17":"tag-news","18":"tag-noticias","19":"tag-noticias-principais","20":"tag-noticiasprincipais","21":"tag-portugal","22":"tag-principais-noticias","23":"tag-principaisnoticias","24":"tag-pt","25":"tag-top-stories","26":"tag-topstories","27":"tag-ultimas","28":"tag-ultimas-noticias","29":"tag-ultimasnoticias"},"share_on_mastodon":{"url":"https:\/\/pubeurope.com\/@pt\/115693376155401963","error":""},"_links":{"self":[{"href":"https:\/\/www.europesays.com\/pt\/wp-json\/wp\/v2\/posts\/182313","targetHints":{"allow":["GET"]}}],"collection":[{"href":"https:\/\/www.europesays.com\/pt\/wp-json\/wp\/v2\/posts"}],"about":[{"href":"https:\/\/www.europesays.com\/pt\/wp-json\/wp\/v2\/types\/post"}],"author":[{"embeddable":true,"href":"https:\/\/www.europesays.com\/pt\/wp-json\/wp\/v2\/users\/2"}],"replies":[{"embeddable":true,"href":"https:\/\/www.europesays.com\/pt\/wp-json\/wp\/v2\/comments?post=182313"}],"version-history":[{"count":0,"href":"https:\/\/www.europesays.com\/pt\/wp-json\/wp\/v2\/posts\/182313\/revisions"}],"wp:featuredmedia":[{"embeddable":true,"href":"https:\/\/www.europesays.com\/pt\/wp-json\/wp\/v2\/media\/182314"}],"wp:attachment":[{"href":"https:\/\/www.europesays.com\/pt\/wp-json\/wp\/v2\/media?parent=182313"}],"wp:term":[{"taxonomy":"category","embeddable":true,"href":"https:\/\/www.europesays.com\/pt\/wp-json\/wp\/v2\/categories?post=182313"},{"taxonomy":"post_tag","embeddable":true,"href":"https:\/\/www.europesays.com\/pt\/wp-json\/wp\/v2\/tags?post=182313"}],"curies":[{"name":"wp","href":"https:\/\/api.w.org\/{rel}","templated":true}]}}