{"id":182319,"date":"2025-12-10T04:34:11","date_gmt":"2025-12-10T04:34:11","guid":{"rendered":"https:\/\/www.europesays.com\/pt\/182319\/"},"modified":"2025-12-10T04:34:11","modified_gmt":"2025-12-10T04:34:11","slug":"enxaguante-bucal-de-alho-demonstra-forte-potencial-de-combate-aos-germes-aponta-estudo","status":"publish","type":"post","link":"https:\/\/www.europesays.com\/pt\/182319\/","title":{"rendered":"Enxaguante bucal de alho demonstra forte potencial de combate aos germes, aponta estudo"},"content":{"rendered":"\n<p>Pesquisadores da Universidade de Sharjah, nos Emirados \u00c1rabes Unidos, descobriram que o extrato de alho possui efeitos antimicrobianos compar\u00e1veis aos da clorexidina, subst\u00e2ncia qu\u00edmica usada como antiss\u00e9ptico, quando utilizado em enxaguantes bucais. A revis\u00e3o sistem\u00e1tica foi publicada no &#8220;Journal of Herbal Medicine&#8221; e revelou que o extrato de alho pode representar uma alternativa natural ao produto sint\u00e9tico considerado refer\u00eancia no mercado odontol\u00f3gico.<\/p>\n<p>O estudo comparou o desempenho antimicrobiano do Allium sativum com a clorexidina em diferentes concentra\u00e7\u00f5es. Os resultados indicaram efic\u00e1cia similar entre os dois produtos em determinadas condi\u00e7\u00f5es, embora o enxaguante \u00e0 base de alho possa causar maior desconforto aos usu\u00e1rios.<\/p>\n<p>&#8220;A clorexidina \u00e9 amplamente utilizada como padr\u00e3o ouro em enxaguantes bucais, mas est\u00e1 associada a efeitos colaterais e preocupa\u00e7\u00f5es com resist\u00eancia antimicrobiana&#8221;, explicam os autores do estudo. &#8220;O alho (Allium sativum), conhecido por propriedades antimicrobianas naturais, surgiu como uma potencial alternativa\u201d.\u00a0<\/p>\n<p>A pesquisa seguiu as diretrizes do &#8220;Preferred Reporting Items for Systematic Reviews and Meta-analyses 2020&#8221;, desenvolvidas para aumentar a confiabilidade e transpar\u00eancia de revis\u00f5es sistem\u00e1ticas. A equipe realizou uma busca abrangente em bases de dados cient\u00edficas.\u00a0<\/p>\n<p>&#8220;Um total de 389 artigos foram identificados em seis bases de dados eletr\u00f4nicas em janeiro de 2024, e 13 artigos adicionais foram inclu\u00eddos por meio de busca manual de cita\u00e7\u00f5es. Ap\u00f3s remover duplicatas e aplicar crit\u00e9rios de inclus\u00e3o e exclus\u00e3o, apenas cinco artigos foram inclu\u00eddos&#8221;, relatam os autores.<\/p>\n<p>A efetividade dos produtos apresentou altera\u00e7\u00f5es conforme as condi\u00e7\u00f5es de uso. &#8220;A efic\u00e1cia variou com base na concentra\u00e7\u00e3o do enxaguante e na dura\u00e7\u00e3o da aplica\u00e7\u00e3o, contribuindo para diferen\u00e7as nos resultados&#8221;, observou a revis\u00e3o.<\/p>\n<p>&#8220;Alguns estudos favoreceram a clorexidina para manter um pH mais alto da placa\/saliva, enquanto outros relataram que o extrato de alho \u00e9 mais eficaz em certas concentra\u00e7\u00f5es. No entanto, o enxaguante de alho pode causar maior desconforto\u201d, acrescentam os pesquisadores, explicando que entre os problemas relatados est\u00e3o a sensa\u00e7\u00e3o de queima\u00e7\u00e3o e odor desagrad\u00e1vel &#8211; fatores que podem influenciar a decis\u00e3o dos pacientes de trocar a clorexidina por op\u00e7\u00f5es \u00e0 base de alho.<\/p>\n<p><strong>Resultados\u00a0<\/strong><\/p>\n<p>A revis\u00e3o concluiu que o extrato de alho demonstrou &#8220;redu\u00e7\u00f5es significativas nas contagens bacterianas em rela\u00e7\u00e3o \u00e0 linha de base&#8230; sugerindo o poss\u00edvel uso do enxaguante bucal com extrato de alho como uma alternativa vi\u00e1vel \u00e0 clorexidina em certos contextos\u201d.\u00a0<\/p>\n<p>Os pesquisadores recomendam a realiza\u00e7\u00e3o de mais ensaios cl\u00ednicos com maior n\u00famero de participantes e per\u00edodos de acompanhamento mais longos para confirmar a &#8220;efic\u00e1cia e melhorar a aplicabilidade cl\u00ednica&#8221; do alho como alternativa \u00e0 clorexidina.<\/p>\n<p>&#8220;Esses estudos contribu\u00edram para a compreens\u00e3o do papel antimicrobiano do extrato de alho em compara\u00e7\u00e3o com agentes sint\u00e9ticos como a clorexidina&#8221;, pontuaram os autores. &#8220;No entanto, a maioria dos estudos \u00e9 in vitro, varia em m\u00e9todos e carece de padroniza\u00e7\u00e3o cl\u00ednica, destacando a necessidade de mais pesquisas para confirmar a efic\u00e1cia do alho na pr\u00e1tica odontol\u00f3gica. Esta incerteza apresenta uma lacuna significativa na literatura sobre terapias antimicrobianas baseadas em evid\u00eancias.&#8221;<\/p>\n","protected":false},"excerpt":{"rendered":"Pesquisadores da Universidade de Sharjah, nos Emirados \u00c1rabes Unidos, descobriram que o extrato de alho possui efeitos antimicrobianos&hellip;\n","protected":false},"author":2,"featured_media":182320,"comment_status":"","ping_status":"","sticky":false,"template":"","format":"standard","meta":{"footnotes":""},"categories":[86],"tags":[34474,37267,37266,37264,37265,8971,37259,5698,37260,1347,4245,116,37263,37261,9917,1348,32,33,19643,527,14888,117,37262],"class_list":{"0":"post-182319","1":"post","2":"type-post","3":"status-publish","4":"format-standard","5":"has-post-thumbnail","7":"category-saude","8":"tag-alho","9":"tag-allium-sativum","10":"tag-antimicrobiano","11":"tag-aplicabilidade","12":"tag-clorexidina","13":"tag-efeitos-colaterais","14":"tag-eficacia","15":"tag-emirados-arabes-unidos","16":"tag-enxaguante","17":"tag-estudo","18":"tag-evidencias","19":"tag-health","20":"tag-journal-of-herbal-medicine","21":"tag-odontologico","22":"tag-participantes","23":"tag-pesquisa","24":"tag-portugal","25":"tag-pt","26":"tag-resistencia","27":"tag-resultados","28":"tag-revisao-sistematica","29":"tag-saude","30":"tag-universidade-de-sharjah"},"share_on_mastodon":{"url":"https:\/\/pubeurope.com\/@pt\/115693411563649650","error":""},"_links":{"self":[{"href":"https:\/\/www.europesays.com\/pt\/wp-json\/wp\/v2\/posts\/182319","targetHints":{"allow":["GET"]}}],"collection":[{"href":"https:\/\/www.europesays.com\/pt\/wp-json\/wp\/v2\/posts"}],"about":[{"href":"https:\/\/www.europesays.com\/pt\/wp-json\/wp\/v2\/types\/post"}],"author":[{"embeddable":true,"href":"https:\/\/www.europesays.com\/pt\/wp-json\/wp\/v2\/users\/2"}],"replies":[{"embeddable":true,"href":"https:\/\/www.europesays.com\/pt\/wp-json\/wp\/v2\/comments?post=182319"}],"version-history":[{"count":0,"href":"https:\/\/www.europesays.com\/pt\/wp-json\/wp\/v2\/posts\/182319\/revisions"}],"wp:featuredmedia":[{"embeddable":true,"href":"https:\/\/www.europesays.com\/pt\/wp-json\/wp\/v2\/media\/182320"}],"wp:attachment":[{"href":"https:\/\/www.europesays.com\/pt\/wp-json\/wp\/v2\/media?parent=182319"}],"wp:term":[{"taxonomy":"category","embeddable":true,"href":"https:\/\/www.europesays.com\/pt\/wp-json\/wp\/v2\/categories?post=182319"},{"taxonomy":"post_tag","embeddable":true,"href":"https:\/\/www.europesays.com\/pt\/wp-json\/wp\/v2\/tags?post=182319"}],"curies":[{"name":"wp","href":"https:\/\/api.w.org\/{rel}","templated":true}]}}