{"id":182326,"date":"2025-12-10T04:49:27","date_gmt":"2025-12-10T04:49:27","guid":{"rendered":"https:\/\/www.europesays.com\/pt\/182326\/"},"modified":"2025-12-10T04:49:27","modified_gmt":"2025-12-10T04:49:27","slug":"rede-fio-chagas-completa-25-anos-e-avalia-avancos-e-desafios","status":"publish","type":"post","link":"https:\/\/www.europesays.com\/pt\/182326\/","title":{"rendered":"Rede Fio-Chagas completa 25 anos e avalia avan\u00e7os e desafios"},"content":{"rendered":"<p>O Encontro Anual do Programa de Pesquisa Translacional Fio-Chagas \u2013 Edi\u00e7\u00e3o especial 25 anos, realizado em 25 de novembro, reuniu pesquisadoras e pesquisadores da rede em uma roda de conversa comemorativa sobre os marcos da trajet\u00f3ria da Fio-Chagas. Organizada pelo Programa de Pesquisa Translacional (PPT), a atividade destacou tr\u00eas fases da hist\u00f3ria da rede: a cria\u00e7\u00e3o \u2013 no Programa Integrado de Divulga\u00e7\u00e3o Cient\u00edfica, depois no Programa Nacional de Doen\u00e7a de Chagas, o fortalecimento e o momento p\u00f3s-pandemia.<\/p>\n<p>Participaram da mesa de abertura o coordenador cient\u00edfico do PPT, Wim Degrave, e Daniele de Castro, da coordena\u00e7\u00e3o da Fio-Chagas. Wim comentou as mudan\u00e7as trazidas pelos exames sorol\u00f3gicos e pelo controle da doen\u00e7a de Chagas junto ao Minist\u00e9rio da Sa\u00fade, enquanto Daniele lembrou o in\u00edcio do programa e sua evolu\u00e7\u00e3o at\u00e9 a consolida\u00e7\u00e3o da rede Fio-Chagas.<br \/>\u00a0<\/p>\n<p><img loading=\"lazy\" decoding=\"async\" alt=\"Membros do Fio-Chagas\" data-entity-type=\"file\" data-entity-uuid=\"82730daa-933b-48b0-b54e-f9fbdddb06b1\" height=\"427\" src=\"https:\/\/www.europesays.com\/pt\/wp-content\/uploads\/2025\/12\/Pl\u00ednio Quirino-Encontro anual Fio-Chagas - Edi\u00e7\u00e3o especial 25 anos-92.jpg\" width=\"640\"\/><br \/>\nEncontro aconteceu no audit\u00f3rio do Pavilh\u00e3o Arthur Neiva do Instituto Oswaldo Cruz &#8211; IOC\/Fiocruz (foto: Pl\u00ednio Quirino)<\/p>\n<p>\u00a0<\/p>\n<p>Constan\u00e7a Britto, tamb\u00e9m coordenadora da rede, retomou o per\u00edodo inicial (2000\u20132011), marcado pela inspira\u00e7\u00e3o no modelo de integra\u00e7\u00e3o do HIV, pela ades\u00e3o de lideran\u00e7as em cinco grandes temas (diagn\u00f3stico, tratamento, fisiopatologia, vetores e ambiente) e pela entrada das associa\u00e7\u00f5es de pessoas afetadas \u2014 um passo decisivo para construir um legado institucional. Tamb\u00e9m foi lembrada a produ\u00e7\u00e3o de livros e materiais que registram a trajet\u00f3ria do programa.<\/p>\n<p>O segundo per\u00edodo (2012\u20132014) foi associado ao fortalecimento organizacional, \u00e0 amplia\u00e7\u00e3o de financiamentos, \u00e0 aproxima\u00e7\u00e3o com o Minist\u00e9rio da Sa\u00fade e a um maior foco nas necessidades dos pacientes. A rede tamb\u00e9m avan\u00e7ou no apoio \u00e0s associa\u00e7\u00f5es de pessoas que convivem com a doen\u00e7a de Chagas e na expans\u00e3o de projetos como Cel\u00eanio, Integra Chagas e Cuida Chagas, que hoje t\u00eam papel importante em diferentes estados, lembrou a diretora do IOC, T\u00e2nia de Ara\u00fajo-Jorge. \u201c\u00c9 preciso manter a for\u00e7a deles\u201d, afirmou.<\/p>\n<p>O per\u00edodo recente (2020\u20132025) foi descrito como etapa de persist\u00eancia, com avan\u00e7os como o portal Fio-Chagas, o mapeamento dos postos de informa\u00e7\u00e3o dos triatom\u00edneos (PITs) e a amplia\u00e7\u00e3o do di\u00e1logo com pessoas afetadas \u2014 atualmente mais articuladas e ativas. A rede reafirmou a relev\u00e2ncia de garantir acesso a diagn\u00f3stico e medicamentos, ampliar a participa\u00e7\u00e3o social e enfrentar desafios emergentes, como o cuidado a imigrantes com doen\u00e7a de Chagas.<\/p>\n<p>No debate, destacaram desafios atuais, como o desempenho de testes r\u00e1pidos em diferentes regi\u00f5es do pa\u00eds, a import\u00e2ncia da padroniza\u00e7\u00e3o de dados, e a defesa da autonomia p\u00fablica na produ\u00e7\u00e3o de medicamentos. Houve consenso sobre a necessidade de atualizar curr\u00edculos m\u00e9dicos e de fortalecer a articula\u00e7\u00e3o entre vigil\u00e2ncia, aten\u00e7\u00e3o prim\u00e1ria e associa\u00e7\u00f5es.<\/p>\n<p>O encontro encerrou-se com uma mensagem gravada pela vice-presidente de Pesquisa e Cole\u00e7\u00f5es Biol\u00f3gicas, Alda Maria da Cruz, que destacou a relev\u00e2ncia da rede e o trabalho com as pessoas afetadas pela doen\u00e7a de Chagas. Tamb\u00e9m foram exibidos v\u00eddeos com depoimentos de representantes da OMS, Pedro Albajar; do Minist\u00e9rio da Sa\u00fade, Rafaella Albuquerque; e da Federa\u00e7\u00e3o Internacional de Associa\u00e7\u00f5es de Pessoas Afetadas pela doen\u00e7a de Chagas, Cristina Carrozzone. Eles ressaltaram o papel do Fio-Chagas, principalmente nas colabora\u00e7\u00f5es nacionais e internacionais, voltado para atender \u00e0s demandas da sociedade e do SUS em rela\u00e7\u00e3o \u00e0 enfermidade.<\/p>\n","protected":false},"excerpt":{"rendered":"O Encontro Anual do Programa de Pesquisa Translacional Fio-Chagas \u2013 Edi\u00e7\u00e3o especial 25 anos, realizado em 25 de&hellip;\n","protected":false},"author":2,"featured_media":182327,"comment_status":"","ping_status":"","sticky":false,"template":"","format":"standard","meta":{"footnotes":""},"categories":[86],"tags":[37269,19470,116,13996,32,37268,33,117],"class_list":{"0":"post-182326","1":"post","2":"type-post","3":"status-publish","4":"format-standard","5":"has-post-thumbnail","7":"category-saude","8":"tag-25-anos-fio-chagas","9":"tag-fio-chagas","10":"tag-health","11":"tag-home-vppcb","12":"tag-portugal","13":"tag-programa-fio-chagas","14":"tag-pt","15":"tag-saude"},"share_on_mastodon":{"url":"https:\/\/pubeurope.com\/@pt\/115693470838667229","error":""},"_links":{"self":[{"href":"https:\/\/www.europesays.com\/pt\/wp-json\/wp\/v2\/posts\/182326","targetHints":{"allow":["GET"]}}],"collection":[{"href":"https:\/\/www.europesays.com\/pt\/wp-json\/wp\/v2\/posts"}],"about":[{"href":"https:\/\/www.europesays.com\/pt\/wp-json\/wp\/v2\/types\/post"}],"author":[{"embeddable":true,"href":"https:\/\/www.europesays.com\/pt\/wp-json\/wp\/v2\/users\/2"}],"replies":[{"embeddable":true,"href":"https:\/\/www.europesays.com\/pt\/wp-json\/wp\/v2\/comments?post=182326"}],"version-history":[{"count":0,"href":"https:\/\/www.europesays.com\/pt\/wp-json\/wp\/v2\/posts\/182326\/revisions"}],"wp:featuredmedia":[{"embeddable":true,"href":"https:\/\/www.europesays.com\/pt\/wp-json\/wp\/v2\/media\/182327"}],"wp:attachment":[{"href":"https:\/\/www.europesays.com\/pt\/wp-json\/wp\/v2\/media?parent=182326"}],"wp:term":[{"taxonomy":"category","embeddable":true,"href":"https:\/\/www.europesays.com\/pt\/wp-json\/wp\/v2\/categories?post=182326"},{"taxonomy":"post_tag","embeddable":true,"href":"https:\/\/www.europesays.com\/pt\/wp-json\/wp\/v2\/tags?post=182326"}],"curies":[{"name":"wp","href":"https:\/\/api.w.org\/{rel}","templated":true}]}}