{"id":182336,"date":"2025-12-10T05:08:11","date_gmt":"2025-12-10T05:08:11","guid":{"rendered":"https:\/\/www.europesays.com\/pt\/182336\/"},"modified":"2025-12-10T05:08:11","modified_gmt":"2025-12-10T05:08:11","slug":"operacao-portugal-sempre-seguro-fez-50-detidos-nos-ultimos-tres-dias","status":"publish","type":"post","link":"https:\/\/www.europesays.com\/pt\/182336\/","title":{"rendered":"Opera\u00e7\u00e3o &#8216;Portugal Sempre Seguro&#8217; fez 50 detidos nos \u00faltimos tr\u00eas dias"},"content":{"rendered":"<p id=\"block-1\">A opera\u00e7\u00e3o &#8220;Portugal Sempre Seguro&#8221;, que junta v\u00e1rias pol\u00edcias e entidades do Estado, fiscalizou nos \u00faltimos tr\u00eas dias 4.474 pessoas e 2.850 autom\u00f3veis, tendo detido 50 pessoas, mais de metade por crimes rodovi\u00e1rios.<\/p>\n<p id=\"block-2\">Segundo dados provis\u00f3rios hoje divulgados pelo Sistema de Seguran\u00e7a Interna (SSI), entre os dias 05 e 07 de dezembro, as autoridades que comp\u00f5em o SSI registaram ainda 48 crimes, 424 contraordena\u00e7\u00f5es (58% de \u00e2mbito rodovi\u00e1rio e 12% tribut\u00e1rio).<\/p>\n<p id=\"block-3\">No mesmo per\u00edodo desta opera\u00e7\u00e3o, que teve in\u00edcio a 17 de novembro e se prolonga at\u00e9 ao final do ano, foram ainda fiscalizados 185 cidad\u00e3os estrangeiros, dos quais 4% em situa\u00e7\u00e3o ilegal em Portugal, apreendidas seis viaturas, uma arma de fogo e tr\u00eas armas brancas.<\/p>\n<p id=\"block-4\">As autoridades inspecionaram tamb\u00e9m 105 estabelecimentos comerciais, entre os quais 68 de divers\u00e3o noturna e 34 de restaura\u00e7\u00e3o.<\/p>\n<p id=\"block-5\">As opera\u00e7\u00f5es no continente e regi\u00f5es aut\u00f3nomas contaram com a participa\u00e7\u00e3o da GNR, PSP, Pol\u00edcia Judici\u00e1ria (PJ), Autoridade de Seguran\u00e7a Alimentar e Econ\u00f3mica (ASAE), Autoridade Tribut\u00e1ria e Aduaneira (AT) e Autoridade para as Condi\u00e7\u00f5es do Trabalho (ACT), envolvendo 909 operacionais, apoiados por 317 ve\u00edculos e 15 bin\u00f3mios cinot\u00e9cnicos (equipas formadas por um elemento policial e um c\u00e3o).<\/p>\n","protected":false},"excerpt":{"rendered":"A opera\u00e7\u00e3o &#8220;Portugal Sempre Seguro&#8221;, que junta v\u00e1rias pol\u00edcias e entidades do Estado, fiscalizou nos \u00faltimos tr\u00eas dias&hellip;\n","protected":false},"author":2,"featured_media":182337,"comment_status":"","ping_status":"","sticky":false,"template":"","format":"standard","meta":{"footnotes":""},"categories":[10],"tags":[27,28,15,16,14,25,26,21,22,12,13,19,20,32,23,24,33,17,18,29,30,31],"class_list":{"0":"post-182336","1":"post","2":"type-post","3":"status-publish","4":"format-standard","5":"has-post-thumbnail","7":"category-portugal","8":"tag-breaking-news","9":"tag-breakingnews","10":"tag-featured-news","11":"tag-featurednews","12":"tag-headlines","13":"tag-latest-news","14":"tag-latestnews","15":"tag-main-news","16":"tag-mainnews","17":"tag-news","18":"tag-noticias","19":"tag-noticias-principais","20":"tag-noticiasprincipais","21":"tag-portugal","22":"tag-principais-noticias","23":"tag-principaisnoticias","24":"tag-pt","25":"tag-top-stories","26":"tag-topstories","27":"tag-ultimas","28":"tag-ultimas-noticias","29":"tag-ultimasnoticias"},"share_on_mastodon":{"url":"https:\/\/pubeurope.com\/@pt\/115693545266434066","error":""},"_links":{"self":[{"href":"https:\/\/www.europesays.com\/pt\/wp-json\/wp\/v2\/posts\/182336","targetHints":{"allow":["GET"]}}],"collection":[{"href":"https:\/\/www.europesays.com\/pt\/wp-json\/wp\/v2\/posts"}],"about":[{"href":"https:\/\/www.europesays.com\/pt\/wp-json\/wp\/v2\/types\/post"}],"author":[{"embeddable":true,"href":"https:\/\/www.europesays.com\/pt\/wp-json\/wp\/v2\/users\/2"}],"replies":[{"embeddable":true,"href":"https:\/\/www.europesays.com\/pt\/wp-json\/wp\/v2\/comments?post=182336"}],"version-history":[{"count":0,"href":"https:\/\/www.europesays.com\/pt\/wp-json\/wp\/v2\/posts\/182336\/revisions"}],"wp:featuredmedia":[{"embeddable":true,"href":"https:\/\/www.europesays.com\/pt\/wp-json\/wp\/v2\/media\/182337"}],"wp:attachment":[{"href":"https:\/\/www.europesays.com\/pt\/wp-json\/wp\/v2\/media?parent=182336"}],"wp:term":[{"taxonomy":"category","embeddable":true,"href":"https:\/\/www.europesays.com\/pt\/wp-json\/wp\/v2\/categories?post=182336"},{"taxonomy":"post_tag","embeddable":true,"href":"https:\/\/www.europesays.com\/pt\/wp-json\/wp\/v2\/tags?post=182336"}],"curies":[{"name":"wp","href":"https:\/\/api.w.org\/{rel}","templated":true}]}}