{"id":182354,"date":"2025-12-10T05:38:16","date_gmt":"2025-12-10T05:38:16","guid":{"rendered":"https:\/\/www.europesays.com\/pt\/182354\/"},"modified":"2025-12-10T05:38:16","modified_gmt":"2025-12-10T05:38:16","slug":"catarina-siqueira-faz-revelacao-que-envolve-o-filho-bebe-nao-deixei-de-dar-de-mamar-por-opcao","status":"publish","type":"post","link":"https:\/\/www.europesays.com\/pt\/182354\/","title":{"rendered":"Catarina Siqueira faz revela\u00e7\u00e3o que envolve o filho beb\u00e9: &#8220;N\u00e3o deixei de dar de mamar por op\u00e7\u00e3o&#8221;"},"content":{"rendered":"<p>M\u00e3e pela segunda vez, Catarina Siqueira est\u00e1 radiante com a chegada de Mateus \u00e0 respetiva fam\u00edlia.<\/p>\n<p>\u00c0 margem da emiss\u00e3o especial da <a href=\"https:\/\/tvi.iol.pt\/\" target=\"_blank\" rel=\"nofollow noopener\">TVI<\/a> &#8220;H\u00e1 Festa no Hospital&#8221;, a atriz confidenciou aos jornalista que n\u00e3o est\u00e1 a amamentar o beb\u00e9. &#8220;N\u00e3o deixei de dar de mamar por op\u00e7\u00e3o. Deixei porque, infelizmente, n\u00e3o tenho leite suficiente para alimentar o meu filho em exclusivo&#8221;, revelou <a href=\"https:\/\/selfie.iol.pt\/famosos\/catarina-siqueira\/catarina-siqueira-e-henrique-de-carvalho-apresentam-o-filho-e-desvendam-o-nome-do-bebe\/20251121\/69205320d34e3caad84b8788\" target=\"_blank\" rel=\"nofollow noopener\">Catarina Siqueira<\/a>.<\/p>\n<p>Para a artista, esta circunst\u00e2ncia &#8220;tem coisas boas e tem coisas m\u00e1s&#8221;. &#8220;Uma das coisas boas \u00e9 que o Henrique [de Carvalho] pode, de facto, usufruir do papel dele enquanto pai muito mais a 100%. Ele tem sido uma surpresa gigante&#8221;, elogiou, n\u00e3o escondendo:\u00a0&#8220;Confesso que, na primeira vez, sa\u00ed de casa para ir para o est\u00fadio com o cora\u00e7\u00e3o nas m\u00e3os.&#8221;<\/p>\n<p>&#8220;O Henrique tem sido uma surpresa brutal e eu acho que \u00e9 super importante para os pais criarem, de facto, esta liga\u00e7\u00e3o desde cedo com os beb\u00e9s. Claro que m\u00e3e a m\u00e3e, porque \u00e9 na nossa barriga que eles crescem. \u00c9 o nosso cheiro. a nossa voz, tudo isso&#8230; Isso \u00e9 incontorn\u00e1vel. Mas sermos pais \u00e9 uma parceria. N\u00e3o h\u00e1 c\u00e1 esta coisa de &#8216;Ah, ele ajuda-me imenso&#8217;. N\u00e3o, ele n\u00e3o me ajuda imenso. Quem me ajuda imenso \u00e9 a minha filha, que n\u00e3o tem obriga\u00e7\u00e3o nenhuma de ser m\u00e3e. O meu trabalho com o Henrique, em rela\u00e7\u00e3o ao Mateus, \u00e9 uma parceria. \u00c9 mesmo para ser dividido. Para mim, faz todo o sentido. Se eu tenho de trabalhar, ele fica em casa com o Mateus. Se ele tem de trabalhar, eu fico em casa com o Mateus. \u00c9 uma parceria que se vai fazendo e, nesse sentido, vamos crescendo juntos. O Henrique tem crescido muito depressa e eu estou muito orgulhosa&#8221;, confidenciou.<\/p>\n<p>O primeiro fruto do amor entre <a href=\"https:\/\/selfie.iol.pt\/famosos\/catarina-siqueira\/catarina-siqueira-voltou-ao-trabalho-uma-semana-e-meia-apos-o-nascimento-do-filho-fiz-questao\/20251209\/69387795d34e3caad84c2f70\" target=\"_blank\" rel=\"nofollow noopener\">Catarina Siqueira<\/a> e Henrique de Carvalho nasceu a 19 de novembro. J\u00e1 Luz, atualmente com nove anos, nasceu da anterior rela\u00e7\u00e3o da atriz com\u00a0Marco Campos.<\/p>\n","protected":false},"excerpt":{"rendered":"M\u00e3e pela segunda vez, Catarina Siqueira est\u00e1 radiante com a chegada de Mateus \u00e0 respetiva fam\u00edlia. \u00c0 margem&hellip;\n","protected":false},"author":2,"featured_media":182355,"comment_status":"","ping_status":"","sticky":false,"template":"","format":"standard","meta":{"footnotes":""},"categories":[145],"tags":[1244,813,32809,211,210,114,115,741,980,1127,3435,1870,37271,33922,9106,37272,21965,1476,619,161,32,33,1012,162],"class_list":{"0":"post-182354","1":"post","2":"type-post","3":"status-publish","4":"format-standard","5":"has-post-thumbnail","7":"category-celebridades","8":"tag-ator","9":"tag-atriz","10":"tag-catarina-siqueira","11":"tag-celebridades","12":"tag-celebrities","13":"tag-entertainment","14":"tag-entretenimento","15":"tag-entrevista","16":"tag-famosos","17":"tag-filha","18":"tag-filho","19":"tag-filhos","20":"tag-ha-festa-no-hospital","21":"tag-henrique-de-carvalho","22":"tag-luz","23":"tag-marco-campos","24":"tag-mateus","25":"tag-morangos-com-acucar","26":"tag-nacional","27":"tag-novelas","28":"tag-portugal","29":"tag-pt","30":"tag-selfie","31":"tag-tvi"},"share_on_mastodon":{"url":"https:\/\/pubeurope.com\/@pt\/115693663212599852","error":""},"_links":{"self":[{"href":"https:\/\/www.europesays.com\/pt\/wp-json\/wp\/v2\/posts\/182354","targetHints":{"allow":["GET"]}}],"collection":[{"href":"https:\/\/www.europesays.com\/pt\/wp-json\/wp\/v2\/posts"}],"about":[{"href":"https:\/\/www.europesays.com\/pt\/wp-json\/wp\/v2\/types\/post"}],"author":[{"embeddable":true,"href":"https:\/\/www.europesays.com\/pt\/wp-json\/wp\/v2\/users\/2"}],"replies":[{"embeddable":true,"href":"https:\/\/www.europesays.com\/pt\/wp-json\/wp\/v2\/comments?post=182354"}],"version-history":[{"count":0,"href":"https:\/\/www.europesays.com\/pt\/wp-json\/wp\/v2\/posts\/182354\/revisions"}],"wp:featuredmedia":[{"embeddable":true,"href":"https:\/\/www.europesays.com\/pt\/wp-json\/wp\/v2\/media\/182355"}],"wp:attachment":[{"href":"https:\/\/www.europesays.com\/pt\/wp-json\/wp\/v2\/media?parent=182354"}],"wp:term":[{"taxonomy":"category","embeddable":true,"href":"https:\/\/www.europesays.com\/pt\/wp-json\/wp\/v2\/categories?post=182354"},{"taxonomy":"post_tag","embeddable":true,"href":"https:\/\/www.europesays.com\/pt\/wp-json\/wp\/v2\/tags?post=182354"}],"curies":[{"name":"wp","href":"https:\/\/api.w.org\/{rel}","templated":true}]}}