{"id":182356,"date":"2025-12-10T05:45:12","date_gmt":"2025-12-10T05:45:12","guid":{"rendered":"https:\/\/www.europesays.com\/pt\/182356\/"},"modified":"2025-12-10T05:45:12","modified_gmt":"2025-12-10T05:45:12","slug":"eua-investigam-possiveis-mortes-por-vacinas-contra-covid","status":"publish","type":"post","link":"https:\/\/www.europesays.com\/pt\/182356\/","title":{"rendered":"EUA investigam poss\u00edveis mortes por vacinas contra covid"},"content":{"rendered":"\n<p class=\" content-text__container theme-color-primary-first-letter\" data-track-category=\"Link no Texto\" data-track-links=\"\"> Os <a class=\"\" href=\"https:\/\/oglobo.globo.com\/tudo-sobre\/pais\/estados-unidos\" rel=\"nofollow noopener\" target=\"_blank\">Estados Unidos<\/a> realizam uma ampla investiga\u00e7\u00e3o sobre mortes possivelmente relacionadas \u00e0s vacinas contra a covid-19, confirmou nesta ter\u00e7a-feira (9) um porta-voz do secret\u00e1rio de Sa\u00fade, Robert F. Kennedy Jr. <\/p>\n<ul class=\"content-unordered-list\">\n<li><strong>Confira:<\/strong> <a class=\"\" href=\"https:\/\/oglobo.globo.com\/mundo\/noticia\/2025\/12\/05\/eua-nao-recomendara-mais-vacinacao-contra-hepatite-b-em-recem-nascidos.ghtml\" rel=\"nofollow noopener\" target=\"_blank\">EUA n\u00e3o recomendar\u00e3o mais vacina\u00e7\u00e3o contra hepatite B em rec\u00e9m-nascidos<\/a><\/li>\n<\/ul>\n<p class=\" content-text__container \" data-track-category=\"Link no Texto\" data-track-links=\"\"> Ap\u00f3s a nomea\u00e7\u00e3o de Kennedy Jr., o governo dos Estados Unidos iniciou uma revis\u00e3o da pol\u00edtica de vacina\u00e7\u00e3o, o que aumentou a preocupa\u00e7\u00e3o da comunidade m\u00e9dica. <\/p>\n<p class=\" content-text__container \" data-track-category=\"Link no Texto\" data-track-links=\"\"> &#8220;A Administra\u00e7\u00e3o de Alimentos e Medicamentos (FDA) realiza uma investiga\u00e7\u00e3o exaustiva, que engloba diversos grupos et\u00e1rios, sobre mortes potencialmente relacionadas \u00e0s vacinas contra a covid&#8221;, disse \u00e0 AFP Andrew Nixon, porta-voz do Departamento de Sa\u00fade. Os ve\u00edculos Bloomberg e Washington Post j\u00e1 haviam informado sobre a investiga\u00e7\u00e3o. <\/p>\n<p class=\" content-text__container \" data-track-category=\"Link no Texto\" data-track-links=\"\"> A revis\u00e3o, que se concentrava inicialmente em poss\u00edveis mortes infantis, gerou pol\u00eamica nas \u00faltimas semanas, ap\u00f3s o vazamento de um documento interno, no fim de novembro. Atribu\u00eddo a um funcion\u00e1rio da FDA, o memorando afirmava que as vacinas contra a covid estariam relacionadas a, pelo menos, 10 mortes de crian\u00e7as, sem apresentar nenhuma evid\u00eancia. <\/p>\n<p class=\" content-text__container \" data-track-category=\"Link no Texto\" data-track-links=\"\"> A efic\u00e1cia e a seguran\u00e7a das vacinas contra a covid foram estudadas e documentadas em todo o mundo, assim como os casos raros de efeitos colaterais graves, que n\u00e3o reduzem os benef\u00edcios das vacinas para a maioria dos grupos et\u00e1rios, segundo autoridades de sa\u00fade em n\u00edvel global. <\/p>\n<p class=\" content-text__container \" data-track-category=\"Link no Texto\" data-track-links=\"\"> Nixon n\u00e3o deu detalhes sobre os m\u00e9todos, dados e o cronograma para a conclus\u00e3o da investiga\u00e7\u00e3o. Especialistas expressaram preocupa\u00e7\u00e3o com as a\u00e7\u00f5es da FDA na gest\u00e3o de Kennedy, conhecido por divulgar desinforma\u00e7\u00e3o e teorias da conspira\u00e7\u00e3o. <\/p>\n","protected":false},"excerpt":{"rendered":"Os Estados Unidos realizam uma ampla investiga\u00e7\u00e3o sobre mortes possivelmente relacionadas \u00e0s vacinas contra a covid-19, confirmou nesta&hellip;\n","protected":false},"author":2,"featured_media":182357,"comment_status":"","ping_status":"","sticky":false,"template":"","format":"standard","meta":{"footnotes":""},"categories":[86],"tags":[3913,235,319,116,32,33,117,1333],"class_list":{"0":"post-182356","1":"post","2":"type-post","3":"status-publish","4":"format-standard","5":"has-post-thumbnail","7":"category-saude","8":"tag-coronavirus","9":"tag-estados-unidos","10":"tag-hard-news","11":"tag-health","12":"tag-portugal","13":"tag-pt","14":"tag-saude","15":"tag-vacina"},"share_on_mastodon":{"url":"https:\/\/pubeurope.com\/@pt\/115693690763202608","error":""},"_links":{"self":[{"href":"https:\/\/www.europesays.com\/pt\/wp-json\/wp\/v2\/posts\/182356","targetHints":{"allow":["GET"]}}],"collection":[{"href":"https:\/\/www.europesays.com\/pt\/wp-json\/wp\/v2\/posts"}],"about":[{"href":"https:\/\/www.europesays.com\/pt\/wp-json\/wp\/v2\/types\/post"}],"author":[{"embeddable":true,"href":"https:\/\/www.europesays.com\/pt\/wp-json\/wp\/v2\/users\/2"}],"replies":[{"embeddable":true,"href":"https:\/\/www.europesays.com\/pt\/wp-json\/wp\/v2\/comments?post=182356"}],"version-history":[{"count":0,"href":"https:\/\/www.europesays.com\/pt\/wp-json\/wp\/v2\/posts\/182356\/revisions"}],"wp:featuredmedia":[{"embeddable":true,"href":"https:\/\/www.europesays.com\/pt\/wp-json\/wp\/v2\/media\/182357"}],"wp:attachment":[{"href":"https:\/\/www.europesays.com\/pt\/wp-json\/wp\/v2\/media?parent=182356"}],"wp:term":[{"taxonomy":"category","embeddable":true,"href":"https:\/\/www.europesays.com\/pt\/wp-json\/wp\/v2\/categories?post=182356"},{"taxonomy":"post_tag","embeddable":true,"href":"https:\/\/www.europesays.com\/pt\/wp-json\/wp\/v2\/tags?post=182356"}],"curies":[{"name":"wp","href":"https:\/\/api.w.org\/{rel}","templated":true}]}}