{"id":182366,"date":"2025-12-10T05:59:37","date_gmt":"2025-12-10T05:59:37","guid":{"rendered":"https:\/\/www.europesays.com\/pt\/182366\/"},"modified":"2025-12-10T05:59:37","modified_gmt":"2025-12-10T05:59:37","slug":"ministerio-da-saude-fortalece-a-politica-nacional-de-atencao-cardiovascular-ministerio-da-saude","status":"publish","type":"post","link":"https:\/\/www.europesays.com\/pt\/182366\/","title":{"rendered":"Minist\u00e9rio da Sa\u00fade fortalece a Pol\u00edtica Nacional de Aten\u00e7\u00e3o Cardiovascular \u2014 Minist\u00e9rio da Sa\u00fade"},"content":{"rendered":"<p>O Minist\u00e9rio da Sa\u00fade, por meio da <a class=\"external-link\" href=\"https:\/\/www.gov.br\/saude\/pt-br\/composicao\/saes\" target=\"_blank\" title=\"\" data-tippreview-enabled=\"false\" data-tippreview-image=\"\" data-tippreview-title=\"\" data-tippreview- rel=\"nofollow noopener\">Secretaria de Aten\u00e7\u00e3o Especializada \u00e0 Sa\u00fade (SAES)<\/a>, realizou na quarta-feira (3), a 4\u00aa Reuni\u00e3o da C\u00e2mara T\u00e9cnica Assessora em Aten\u00e7\u00e3o Cardiovascular. O encontro foi marcado pela apresenta\u00e7\u00e3o do Conselho Consultivo de Aten\u00e7\u00e3o Cardiovascular (Consincardio), que ser\u00e1 formalmente institu\u00eddo por meio de portaria ministerial e ter\u00e1 vincula\u00e7\u00e3o ao Instituto Nacional de Cardiologia (INC). O novo conselho ter\u00e1 como miss\u00e3o assessorar o Minist\u00e9rio da Sa\u00fade na formula\u00e7\u00e3o, regulamenta\u00e7\u00e3o e supervis\u00e3o da Pol\u00edtica Nacional para Preven\u00e7\u00e3o e Controle de Doen\u00e7as Cardiovasculares.<\/p>\n<p>A reuni\u00e3o aconteceu na sede da Organiza\u00e7\u00e3o Pan Americana de Sa\u00fade (OPAS), em Bras\u00edlia. A mesa de abertura contou com as presen\u00e7as do Secret\u00e1rio de Aten\u00e7\u00e3o Especializada \u00e0 Sa\u00fade (SAES), Mozart Sales; do Diretor do Departamento de Aten\u00e7\u00e3o Especializada e Tem\u00e1tica (DAET), Arthur Lobato Barreto Mello; da Coordenadora-Geral de Aten\u00e7\u00e3o Especializada (CGAE\/DAET\/SAES), Carmen Moura; e da Diretora do Instituto Nacional de Cardiologia (INC), Aurora Issa.<\/p>\n<p>O encontro reuniu ainda, nos formatos presencial e online, representantes das demais secretarias do Minist\u00e9rio da Sa\u00fade, da Sociedade Brasileira de Cardiologia, Sociedade Brasileira de Cirurgia Cardiovascular, Sociedade Brasileira de Medicina de Fam\u00edlia e Comunidade, Hospital Moinhos de Vento, Hospital PROCAPE, Associa\u00e7\u00e3o Brasileira de Enfermagem de Fam\u00edlia e Comunidade (ABEFACO) e Associa\u00e7\u00e3o Brasileira de Enfermagem (ABEN). A diversidade institucional refor\u00e7ou o car\u00e1ter colaborativo e multiprofissional que orienta a constru\u00e7\u00e3o da nova governan\u00e7a cardiovascular no pa\u00eds.<\/p>\n<p>Durante a programa\u00e7\u00e3o, foram apresentados a motiva\u00e7\u00e3o, os objetivos e as futuras fun\u00e7\u00f5es do Consincardio, incluindo sua composi\u00e7\u00e3o \u2013 que integrar\u00e1 o INC, entidades t\u00e9cnico-cient\u00edficas, prestadores de servi\u00e7os ao <a target=\"_blank\" title=\"\" data-tippreview-image=\"\" href=\"https:\/\/www.gov.br\/saude\/pt-br\/sus\" data-tippreview-title=\"\" class=\"internal-link\" data-tippreview-enabled=\"false\" data-tippreview- rel=\"nofollow noopener\">SUS<\/a> e representantes de usu\u00e1rios. Entre as atribui\u00e7\u00f5es previstas para o conselho ap\u00f3s sua formaliza\u00e7\u00e3o, est\u00e3o: propor atualiza\u00e7\u00f5es da pol\u00edtica nacional, sugerir projetos de supervis\u00e3o e avalia\u00e7\u00e3o, fomentar estudos e pesquisas e apoiar a cria\u00e7\u00e3o de grupos de trabalho especializados.<\/p>\n<p>Tamb\u00e9m foram destacadas demandas consideradas priorit\u00e1rias, como a revis\u00e3o dos requisitos t\u00e9cnicos de habilita\u00e7\u00e3o, a avalia\u00e7\u00e3o da capacidade instalada e das tecnologias dispon\u00edveis e a elabora\u00e7\u00e3o de indicadores de desempenho que garantam transpar\u00eancia, efici\u00eancia e qualidade cont\u00ednua dos servi\u00e7os. O conselho dever\u00e1 ainda apoiar a identifica\u00e7\u00e3o de pontos cr\u00edticos da <a class=\"external-link\" href=\"https:\/\/www.gov.br\/saude\/pt-br\/composicao\/saps\/redes-de-atencao-a-saude\" target=\"_blank\" title=\"\" data-tippreview-enabled=\"false\" data-tippreview-image=\"\" data-tippreview-title=\"\" data-tippreview- rel=\"nofollow noopener\">Rede de Aten\u00e7\u00e3o \u00e0 Sa\u00fade<\/a>, contribuindo para aprimorar o acesso, a perman\u00eancia e a continuidade do cuidado.<\/p>\n<p>\u201cA proposta do Consincardio representa um avan\u00e7o estrat\u00e9gico para o fortalecimento da aten\u00e7\u00e3o cardiovascular no SUS. Estamos estruturando um espa\u00e7o permanente de di\u00e1logo t\u00e9cnico, cient\u00edfico e institucional que permitir\u00e1 aprimorar diretrizes, qualificar servi\u00e7os e orientar decis\u00f5es baseadas em evid\u00eancias. Nosso compromisso \u00e9 ampliar a integralidade do cuidado, garantir acesso a tecnologias adequadas e assegurar respostas mais eficientes, seguras e humanizadas para a popula\u00e7\u00e3o brasileira no enfrentamento das doen\u00e7as cardiovasculares\u201d, afirma o diretor do Departamento de Aten\u00e7\u00e3o Especializada e Tem\u00e1tica, Arthur Mello.<\/p>\n<p>A reuni\u00e3o foi encerrada com debate entre participantes e especialistas sobre os temas priorit\u00e1rios para a implementa\u00e7\u00e3o do Consincardio, consolidando uma agenda inicial de coopera\u00e7\u00e3o voltada ao fortalecimento da pol\u00edtica cardiovascular no pa\u00eds.<\/p>\n<p>Patr\u00edcia Coelho<br \/>Minist\u00e9rio da Sa\u00fade<\/p>\n","protected":false},"excerpt":{"rendered":"O Minist\u00e9rio da Sa\u00fade, por meio da Secretaria de Aten\u00e7\u00e3o Especializada \u00e0 Sa\u00fade (SAES), realizou na quarta-feira (3),&hellip;\n","protected":false},"author":2,"featured_media":182367,"comment_status":"","ping_status":"","sticky":false,"template":"","format":"standard","meta":{"footnotes":""},"categories":[86],"tags":[116,32,33,117],"class_list":{"0":"post-182366","1":"post","2":"type-post","3":"status-publish","4":"format-standard","5":"has-post-thumbnail","7":"category-saude","8":"tag-health","9":"tag-portugal","10":"tag-pt","11":"tag-saude"},"share_on_mastodon":{"url":"https:\/\/pubeurope.com\/@pt\/115693745835674411","error":""},"_links":{"self":[{"href":"https:\/\/www.europesays.com\/pt\/wp-json\/wp\/v2\/posts\/182366","targetHints":{"allow":["GET"]}}],"collection":[{"href":"https:\/\/www.europesays.com\/pt\/wp-json\/wp\/v2\/posts"}],"about":[{"href":"https:\/\/www.europesays.com\/pt\/wp-json\/wp\/v2\/types\/post"}],"author":[{"embeddable":true,"href":"https:\/\/www.europesays.com\/pt\/wp-json\/wp\/v2\/users\/2"}],"replies":[{"embeddable":true,"href":"https:\/\/www.europesays.com\/pt\/wp-json\/wp\/v2\/comments?post=182366"}],"version-history":[{"count":0,"href":"https:\/\/www.europesays.com\/pt\/wp-json\/wp\/v2\/posts\/182366\/revisions"}],"wp:featuredmedia":[{"embeddable":true,"href":"https:\/\/www.europesays.com\/pt\/wp-json\/wp\/v2\/media\/182367"}],"wp:attachment":[{"href":"https:\/\/www.europesays.com\/pt\/wp-json\/wp\/v2\/media?parent=182366"}],"wp:term":[{"taxonomy":"category","embeddable":true,"href":"https:\/\/www.europesays.com\/pt\/wp-json\/wp\/v2\/categories?post=182366"},{"taxonomy":"post_tag","embeddable":true,"href":"https:\/\/www.europesays.com\/pt\/wp-json\/wp\/v2\/tags?post=182366"}],"curies":[{"name":"wp","href":"https:\/\/api.w.org\/{rel}","templated":true}]}}