{"id":182368,"date":"2025-12-10T06:06:10","date_gmt":"2025-12-10T06:06:10","guid":{"rendered":"https:\/\/www.europesays.com\/pt\/182368\/"},"modified":"2025-12-10T06:06:10","modified_gmt":"2025-12-10T06:06:10","slug":"virginia-abre-o-jogo-sobre-futuro-dos-filhos-acho-que-ja-sei-quem-vai-seguir-os-passos-da-mamae","status":"publish","type":"post","link":"https:\/\/www.europesays.com\/pt\/182368\/","title":{"rendered":"Virginia abre o jogo sobre futuro dos filhos: &#8216;Acho que j\u00e1 sei quem vai seguir os passos da mam\u00e3e&#8217;"},"content":{"rendered":"<p>A influenciadora digital\u00a0<a href=\"https:\/\/caras.com.br\/tags\/virginia\" rel=\"nofollow noopener\" target=\"_blank\"><strong>Virginia Fonseca<\/strong><\/a> encantou os seguidores ao postar um v\u00eddeo dos filhos. No registro publicado nas redes sociais, o foco aparece na filha <a href=\"https:\/\/caras.com.br\/tags\/maria-flor\" rel=\"nofollow noopener\" target=\"_blank\"><strong>Maria Flor<\/strong><\/a>, que com muita espontaneidade surge \u00e0 vontade diante da c\u00e2mera. O talento \u00e9 tanto que a apresentadora do Sabadou com Virginia faz uma observa\u00e7\u00e3o que chamou a aten\u00e7\u00e3o dos f\u00e3s.<\/p>\n<p>\t \u2018Vai seguir os passos da mam\u00e3e\u2019 <\/p>\n<p>No v\u00eddeo publicado pela influenciadora Virginia, a filha do meio, Maria Flor, come\u00e7a cumprimentando os seguidores. Logo em seguida, ela tamb\u00e9m pede que a irm\u00e3 mais velha,<strong> Maria Alice, <\/strong>participe da intera\u00e7\u00e3o. A pequena aproveita e mostra o interior do avi\u00e3o. <strong>Alice<\/strong> est\u00e1 ao lado do irm\u00e3o ca\u00e7ula, <strong>Jos\u00e9 Leonardo<\/strong>.<\/p>\n<p>Orgulhosa dos pequenos, Virginia brincou\u00a0que a filha vai \u201cseguir os passos da mam\u00e3e\u201d. A influenciadora aproveitou a oportunidade para se declarar aos filhos.<\/p>\n<p>\u201cBOM DIA BOM DIA BOM DIA com minha blogueira preferida!!! Acho que j\u00e1 sei quem vai seguir os passos da mam\u00e3e e meu cora\u00e7\u00e3o fica como?!!!!! Eu amo ser m\u00e3e de vcs \ud83e\udd72 que Deus aben\u00e7oe a vida de vcs SEMPRE\ud83d\ude4c\ud83c\udffb M.A, M.F e J.L\ud83d\udc96\ud83d\udc9c\ud83d\udc99\u201d, declarou Virginia nas redes sociais.<\/p>\n<p>\t Momento de amor <\/p>\n<p>Na manh\u00e3 da \u00faltima quinta-feira, 4,\u00a0 a empres\u00e1ria Virginia compartilhou um v\u00eddeo mostrando que\u00a0<a href=\"https:\/\/caras.com.br\/casa-dos-famosos\/virginia-revela-como-ficou-a-decoracao-de-natal-de-sua-mansao-veja-o-video.phtml\" rel=\"nofollow noopener\" target=\"_blank\">caprichou na ilumina\u00e7\u00e3o de final<\/a> de ano da casa. Inclusive, ela recebeu um coment\u00e1rio de seu amado: <a href=\"https:\/\/caras.com.br\/tags\/vini-jr\" rel=\"nofollow noopener\" target=\"_blank\"><strong>Vini Jr<\/strong><\/a>.<\/p>\n<p>No v\u00eddeo publicado nas redes sociais, \u00e9 poss\u00edvel ver que a fam\u00edlia decorou toda a mans\u00e3o, da entrada ao jardim da piscina. O espa\u00e7o ganhou diversas luzes natalinas e esculturas tem\u00e1ticas espalhadas pela \u00e1rea externa. Dentro de casa, eles tamb\u00e9m montaram \u00e1rvores de Natal com bolas brancas.<\/p>\n<p>Um coment\u00e1rio que chamou a aten\u00e7\u00e3o foi do namorado de Virginia, o\u00a0astro do futebol\u00a0Vini Jr. Discreto sobre sua vida amorosa, ele reagiu \u00e0 publica\u00e7\u00e3o e apenas declarou:\u00a0\u201c\ud83d\ude0d\ud83d\ude0d\ud83d\ude0d\u201d.<\/p>\n<p> 2026 \u00e9 nosso! <\/p>\n<p>E parece que Virginia j\u00e1 est\u00e1 em contagem regressiva para 2026. Na segunda-feira, 08, a empres\u00e1ria publicou um stories no Instagram, onde se mostrava ansiosa para este novo ano de sua vida.<\/p>\n<p>A namorada de Vini Jr. compartilhou um stories de uma foto que apresentava a seguinte mensagem: \u201c2026 \u00e9 nosso! Toda honra e gl\u00f3ria a Deus\u201d.\u00a0Ainda no registro, Virginia digitou: \u201cJ\u00e1 pode mudar a bio ou t\u00e1 cedo?!!!\u2019, finalizou a <a href=\"https:\/\/www.instagram.com\/virginia\/\" rel=\"nofollow noopener\" target=\"_blank\">influenciadora<\/a>.<\/p>\n<p><strong>Leia mais<\/strong>:<a href=\"https:\/\/caras.com.br\/atualidades\/virginia-adianta-sobre-2026-ja-pode-mudar-a-bio-ou-ta-cedo.phtml\" rel=\"nofollow noopener\" target=\"_blank\"> Virginia adianta sobre 2026: \u2018J\u00e1 pode mudar a bio ou t\u00e1 cedo?\u2019<\/a><\/p>\n<p> CONFIRA A PUBLICA\u00c7\u00c3O RECENTE DA INFLUENCIADORA DIGITAL VIRGINIA NAS REDES SOCIAIS: <\/p>\n<blockquote class=\"instagram-media\" style=\"background: #FFF; border: 0; border-radius: 3px; box-shadow: 0 0 1px 0 rgba(0,0,0,0.5),0 1px 10px 0 rgba(0,0,0,0.15); margin: 1px; max-width: 540px; min-width: 326px; padding: 0; width: calc(100% - 2px);\" data-instgrm-captioned=\"\" data-instgrm-permalink=\"https:\/\/www.instagram.com\/reel\/DSC_pNbjgJ4\/?utm_source=ig_embed&amp;utm_campaign=loading\" data-instgrm-version=\"14\"><\/blockquote>\n<p>        <a href=\"https:\/\/caras.com.br\/autor\/felipe-franca\" rel=\"nofollow noopener\" target=\"_blank\">&#13;<br \/>\n          <img loading=\"lazy\" decoding=\"async\" alt=\"Felipe Fran\u00e7a\" src=\"https:\/\/www.europesays.com\/pt\/wp-content\/uploads\/2025\/11\/whatsapp_image_2024-02-01_at_11.27.22_sqmd.jpeg\" class=\"avatar avatar-115 photo rounded-circle\" height=\"115\" width=\"115\"\/>        <\/a><\/p>\n<p><strong>Felipe Fran\u00e7a<\/strong> \u00e9 jornalista formado pela Faculdade C\u00e1sper L\u00edbero (FCL). \u00c9 rep\u00f3rter de pautas especiais do Grupo Perfil. Tem passagens pela Coluna Fl\u00e1vio Ricco, no R7, e pela TV Gazeta. Possui paix\u00e3o pelo universo da televis\u00e3o, novelas e celebridades. Gosta da arte de ouvir hist\u00f3rias e pessoas.<\/p>\n<p>\t                                            <script async src=\"\/\/www.instagram.com\/embed.js\"><\/script><\/p>\n","protected":false},"excerpt":{"rendered":"A influenciadora digital\u00a0Virginia Fonseca encantou os seguidores ao postar um v\u00eddeo dos filhos. No registro publicado nas redes&hellip;\n","protected":false},"author":2,"featured_media":182369,"comment_status":"","ping_status":"","sticky":false,"template":"","format":"standard","meta":{"footnotes":""},"categories":[145],"tags":[211,210,114,115,1870,1512,1513,32,33,973],"class_list":{"0":"post-182368","1":"post","2":"type-post","3":"status-publish","4":"format-standard","5":"has-post-thumbnail","7":"category-celebridades","8":"tag-celebridades","9":"tag-celebrities","10":"tag-entertainment","11":"tag-entretenimento","12":"tag-filhos","13":"tag-maria-alice","14":"tag-maria-flor","15":"tag-portugal","16":"tag-pt","17":"tag-virginia"},"share_on_mastodon":{"url":"https:\/\/pubeurope.com\/@pt\/115693773743995646","error":""},"_links":{"self":[{"href":"https:\/\/www.europesays.com\/pt\/wp-json\/wp\/v2\/posts\/182368","targetHints":{"allow":["GET"]}}],"collection":[{"href":"https:\/\/www.europesays.com\/pt\/wp-json\/wp\/v2\/posts"}],"about":[{"href":"https:\/\/www.europesays.com\/pt\/wp-json\/wp\/v2\/types\/post"}],"author":[{"embeddable":true,"href":"https:\/\/www.europesays.com\/pt\/wp-json\/wp\/v2\/users\/2"}],"replies":[{"embeddable":true,"href":"https:\/\/www.europesays.com\/pt\/wp-json\/wp\/v2\/comments?post=182368"}],"version-history":[{"count":0,"href":"https:\/\/www.europesays.com\/pt\/wp-json\/wp\/v2\/posts\/182368\/revisions"}],"wp:featuredmedia":[{"embeddable":true,"href":"https:\/\/www.europesays.com\/pt\/wp-json\/wp\/v2\/media\/182369"}],"wp:attachment":[{"href":"https:\/\/www.europesays.com\/pt\/wp-json\/wp\/v2\/media?parent=182368"}],"wp:term":[{"taxonomy":"category","embeddable":true,"href":"https:\/\/www.europesays.com\/pt\/wp-json\/wp\/v2\/categories?post=182368"},{"taxonomy":"post_tag","embeddable":true,"href":"https:\/\/www.europesays.com\/pt\/wp-json\/wp\/v2\/tags?post=182368"}],"curies":[{"name":"wp","href":"https:\/\/api.w.org\/{rel}","templated":true}]}}