{"id":182378,"date":"2025-12-10T06:29:07","date_gmt":"2025-12-10T06:29:07","guid":{"rendered":"https:\/\/www.europesays.com\/pt\/182378\/"},"modified":"2025-12-10T06:29:07","modified_gmt":"2025-12-10T06:29:07","slug":"os-airpods-pro-3-estao-de-volta-ao-preco-original-antes-das-ferias","status":"publish","type":"post","link":"https:\/\/www.europesays.com\/pt\/182378\/","title":{"rendered":"Os AirPods Pro 3 est\u00e3o de volta ao pre\u00e7o original antes das f\u00e9rias"},"content":{"rendered":"<p>        <a href=\"https:\/\/www.segundabase.com.br\/wp-content\/uploads\/2025\/12\/Apple-AirPods-Pro-3-deal.png\" data-caption=\"\" rel=\"nofollow noopener\" target=\"_blank\"><img loading=\"lazy\" decoding=\"async\" width=\"640\" height=\"333\" class=\"entry-thumb td-modal-image\" src=\"https:\/\/www.europesays.com\/pt\/wp-content\/uploads\/2025\/12\/Apple-AirPods-Pro-3-deal-640x333.png\"   alt=\"\" title=\"Apple-AirPods-Pro-3-deal.png\"\/><\/a><\/p>\n<p class=\"duet--article--dangerously-set-cms-markup duet--article--standard-paragraph _1ymtmqpi _17nnmdy1 _17nnmdy0 _1xwtict1\">Se voc\u00ea n\u00e3o conseguir uma oferta da Black Friday em <strong>Apple AirPods Pro III<\/strong>A boa not\u00edcia \u00e9 que o pre\u00e7o voltar\u00e1 a cair antes das f\u00e9rias. Agora, os fones de ouvido com aprendizagem de ru\u00eddo correspondem ao pre\u00e7o mais baixo de todos os tempos de US$ 219,99 (US$ 30 de desconto) em <a href=\"https:\/\/www.amazon.com\/dp\/B0FQFB8FMG\/?tag=theverge02-20\" rel=\"sponsored nofollow noopener\" target=\"_blank\">Amaz\u00f4nia<\/a>, <a href=\"https:\/\/goto.walmart.com\/c\/482924\/565706\/9383?u=https%3A%2F%2Fwww.walmart.com%2Fip%2FAirPods-nbsp-Pro-nbsp-3%2F17835006350\" rel=\"sponsored nofollow noopener\" target=\"_blank\">Wal-Mart<\/a>e <a href=\"https:\/\/bestbuy.7tiv.net\/c\/482924\/614286\/10014?u=https%3A%2F%2Fwww.bestbuy.com%2Fproduct%2Fapple-airpods-pro-3-wireless-active-noise-cancelling-earbuds-with-heart-rate-sensing-feature-white%2FJJGCQLYK5F%2Fsku%2F6376563\" rel=\"sponsored nofollow noopener\" target=\"_blank\">Melhor compra<\/a>. Isso \u00e9 \u00f3timo, considerando que o AirPos Pro 3 foi lan\u00e7ado em setembro.<\/p>\n<p class=\"duet--article--dangerously-set-cms-markup duet--article--standard-paragraph _1ymtmqpi _17nnmdy1 _17nnmdy0 _1xwtict1\">Os AirPods Pro 3 oferecem v\u00e1rias atualiza\u00e7\u00f5es significativas em rela\u00e7\u00e3o ao seu antecessor, incluindo qualidade de som aprimorada, ajuste mais confort\u00e1vel e desempenho auditivo aprimorado. Em sua an\u00e1lise, um rep\u00f3rter s\u00eanior da Victoria\u2019s Secret chamou os fones de ouvido sem fio de \u201cac\u00e9falos\u201d, dizendo que o desempenho do ANC estava entre os mais testados. Ela tamb\u00e9m observou que os fones de ouvido proporcionam uma experi\u00eancia auditiva geral mais rica, adicionando mais profundidade aos novos e antigos favoritos.<\/p>\n<p class=\"duet--article--dangerously-set-cms-markup duet--article--standard-paragraph _1ymtmqpi _17nnmdy1 _17nnmdy0 _1xwtict1\">Os fones de ouvido oferecem cerca de oito horas de dura\u00e7\u00e3o da bateria e classifica\u00e7\u00e3o IP57 para resist\u00eancia \u00e0 \u00e1gua e poeira. O design tamb\u00e9m foi melhorado, permitindo que se adaptem ao canal auditivo de forma mais natural \u2013 o que n\u00e3o s\u00f3 os ajuda a permanecerem seguros, mas tamb\u00e9m os torna mais confort\u00e1veis \u200b\u200bde usar por longos per\u00edodos de tempo. Enquanto isso, o AirPods Pro 3 inclui um sensor de frequ\u00eancia card\u00edaca, permitindo que os propriet\u00e1rios de iPhone monitorem as calorias queimadas em mais de 50 tipos de treino no aplicativo Fitness.<\/p>\n<p>Outras ofertas valem a pena conferir<\/p>\n<p><a href=\"https:\/\/www.theverge.com\/gadgets\/841059\/apple-airpods-pro-3-silent-hill-f-deal-sale\" rel=\"nofollow noopener\" target=\"_blank\">Source link <\/a><\/p>\n","protected":false},"excerpt":{"rendered":"Se voc\u00ea n\u00e3o conseguir uma oferta da Black Friday em Apple AirPods Pro IIIA boa not\u00edcia \u00e9 que&hellip;\n","protected":false},"author":2,"featured_media":182379,"comment_status":"","ping_status":"","sticky":false,"template":"","format":"standard","meta":{"footnotes":""},"categories":[84],"tags":[109,107,108,32,33,105,103,104,106,110],"class_list":{"0":"post-182378","1":"post","2":"type-post","3":"status-publish","4":"format-standard","5":"has-post-thumbnail","7":"category-ciencia-e-tecnologia","8":"tag-ciencia","9":"tag-ciencia-e-tecnologia","10":"tag-cienciaetecnologia","11":"tag-portugal","12":"tag-pt","13":"tag-science","14":"tag-science-and-technology","15":"tag-scienceandtechnology","16":"tag-technology","17":"tag-tecnologia"},"share_on_mastodon":{"url":"https:\/\/pubeurope.com\/@pt\/115693864080450879","error":""},"_links":{"self":[{"href":"https:\/\/www.europesays.com\/pt\/wp-json\/wp\/v2\/posts\/182378","targetHints":{"allow":["GET"]}}],"collection":[{"href":"https:\/\/www.europesays.com\/pt\/wp-json\/wp\/v2\/posts"}],"about":[{"href":"https:\/\/www.europesays.com\/pt\/wp-json\/wp\/v2\/types\/post"}],"author":[{"embeddable":true,"href":"https:\/\/www.europesays.com\/pt\/wp-json\/wp\/v2\/users\/2"}],"replies":[{"embeddable":true,"href":"https:\/\/www.europesays.com\/pt\/wp-json\/wp\/v2\/comments?post=182378"}],"version-history":[{"count":0,"href":"https:\/\/www.europesays.com\/pt\/wp-json\/wp\/v2\/posts\/182378\/revisions"}],"wp:featuredmedia":[{"embeddable":true,"href":"https:\/\/www.europesays.com\/pt\/wp-json\/wp\/v2\/media\/182379"}],"wp:attachment":[{"href":"https:\/\/www.europesays.com\/pt\/wp-json\/wp\/v2\/media?parent=182378"}],"wp:term":[{"taxonomy":"category","embeddable":true,"href":"https:\/\/www.europesays.com\/pt\/wp-json\/wp\/v2\/categories?post=182378"},{"taxonomy":"post_tag","embeddable":true,"href":"https:\/\/www.europesays.com\/pt\/wp-json\/wp\/v2\/tags?post=182378"}],"curies":[{"name":"wp","href":"https:\/\/api.w.org\/{rel}","templated":true}]}}