{"id":182384,"date":"2025-12-10T06:48:06","date_gmt":"2025-12-10T06:48:06","guid":{"rendered":"https:\/\/www.europesays.com\/pt\/182384\/"},"modified":"2025-12-10T06:48:06","modified_gmt":"2025-12-10T06:48:06","slug":"luciano-huck-relembra-truque-que-fez-o-filho-largar-a-chupeta-arrasou-na-solucao","status":"publish","type":"post","link":"https:\/\/www.europesays.com\/pt\/182384\/","title":{"rendered":"Luciano Huck relembra truque que fez o filho largar a chupeta: \u201cArrasou na solu\u00e7\u00e3o!&#8221;"},"content":{"rendered":"\n<p class=\"resumo_item_amdb\">Ang\u00e9lica e Luciano Huck compartilharam uma t\u00e9cnica inovadora para ajudar seu filho Ben\u00edcio a abandonar a chupeta durante o programa &#8216;Ang\u00e9lica Ao Vivo&#8217;, destacando a import\u00e2ncia do apoio familiar nesse processo.<\/p>\n<p class=\"resumo_item_amdb\">Luciano explicou que amarrou a chupeta no corrim\u00e3o da escada, permitindo que Ben\u00edcio a usasse apenas com esfor\u00e7o, o que desestimulou o uso constante e facilitou a transi\u00e7\u00e3o.<\/p>\n<p class=\"resumo_item_amdb\">Ap\u00f3s a divulga\u00e7\u00e3o da t\u00e9cnica nas redes sociais, muitos internautas interagiram, compartilhando suas pr\u00f3prias experi\u00eancias e elogiando a abordagem criativa do casal, evidenciando a troca de dicas entre fam\u00edlias.<\/p>\n","protected":false},"excerpt":{"rendered":"Ang\u00e9lica e Luciano Huck compartilharam uma t\u00e9cnica inovadora para ajudar seu filho Ben\u00edcio a abandonar a chupeta durante&hellip;\n","protected":false},"author":2,"featured_media":182385,"comment_status":"","ping_status":"","sticky":false,"template":"","format":"standard","meta":{"footnotes":""},"categories":[145],"tags":[14756,13885,30978,37275,211,210,9892,11368,114,115,37274,722,981,3755,4346,17448,1015,17411,32,3786,33,37273,24010,24418],"class_list":{"0":"post-182384","1":"post","2":"type-post","3":"status-publish","4":"format-standard","5":"has-post-thumbnail","7":"category-celebridades","8":"tag-ajuda","9":"tag-angelica","10":"tag-benicio","11":"tag-bico","12":"tag-celebridades","13":"tag-celebrities","14":"tag-chupeta","15":"tag-comentarios","16":"tag-entertainment","17":"tag-entretenimento","18":"tag-escolinha","19":"tag-eva","20":"tag-familia","21":"tag-ferias","22":"tag-gnt","23":"tag-ideia","24":"tag-instagram","25":"tag-joaquim","26":"tag-portugal","27":"tag-programa","28":"tag-pt","29":"tag-solucao","30":"tag-tecnica","31":"tag-truques"},"share_on_mastodon":{"url":"https:\/\/pubeurope.com\/@pt\/115693938493104524","error":""},"_links":{"self":[{"href":"https:\/\/www.europesays.com\/pt\/wp-json\/wp\/v2\/posts\/182384","targetHints":{"allow":["GET"]}}],"collection":[{"href":"https:\/\/www.europesays.com\/pt\/wp-json\/wp\/v2\/posts"}],"about":[{"href":"https:\/\/www.europesays.com\/pt\/wp-json\/wp\/v2\/types\/post"}],"author":[{"embeddable":true,"href":"https:\/\/www.europesays.com\/pt\/wp-json\/wp\/v2\/users\/2"}],"replies":[{"embeddable":true,"href":"https:\/\/www.europesays.com\/pt\/wp-json\/wp\/v2\/comments?post=182384"}],"version-history":[{"count":0,"href":"https:\/\/www.europesays.com\/pt\/wp-json\/wp\/v2\/posts\/182384\/revisions"}],"wp:featuredmedia":[{"embeddable":true,"href":"https:\/\/www.europesays.com\/pt\/wp-json\/wp\/v2\/media\/182385"}],"wp:attachment":[{"href":"https:\/\/www.europesays.com\/pt\/wp-json\/wp\/v2\/media?parent=182384"}],"wp:term":[{"taxonomy":"category","embeddable":true,"href":"https:\/\/www.europesays.com\/pt\/wp-json\/wp\/v2\/categories?post=182384"},{"taxonomy":"post_tag","embeddable":true,"href":"https:\/\/www.europesays.com\/pt\/wp-json\/wp\/v2\/tags?post=182384"}],"curies":[{"name":"wp","href":"https:\/\/api.w.org\/{rel}","templated":true}]}}