{"id":182410,"date":"2025-12-10T07:37:21","date_gmt":"2025-12-10T07:37:21","guid":{"rendered":"https:\/\/www.europesays.com\/pt\/182410\/"},"modified":"2025-12-10T07:37:21","modified_gmt":"2025-12-10T07:37:21","slug":"parceria-entre-a-comissao-europeia-e-oms-na-resposta-a-resistencia-antimicrobiana","status":"publish","type":"post","link":"https:\/\/www.europesays.com\/pt\/182410\/","title":{"rendered":"Parceria entre a Comiss\u00e3o Europeia e OMS na resposta \u00e0 resist\u00eancia antimicrobiana"},"content":{"rendered":"<p> <a href=\"https:\/\/www.tveuropa.pt\/cnt\/uploads\/F24NU112-27.jpg\" data-caption=\"Parceria entre a Comiss\u00e3o Europeia e OMS na resposta \u00e0 resist\u00eancia antimicrobiana. Foto: \u00a9 OMS\" rel=\"nofollow noopener\" target=\"_blank\"><img loading=\"lazy\" decoding=\"async\" width=\"696\" height=\"464\" class=\"entry-thumb td-modal-image\" src=\"https:\/\/www.europesays.com\/pt\/wp-content\/uploads\/2025\/12\/F24NU112-27-696x464.jpg\"   alt=\"Parceria entre a Comiss\u00e3o Europeia e OMS na resposta \u00e0 resist\u00eancia antimicrobiana\" title=\"Parceria entre a Comiss\u00e3o Europeia e OMS na resposta \u00e0 resist\u00eancia antimicrobiana\"\/><\/a>Parceria entre a Comiss\u00e3o Europeia e OMS na resposta \u00e0 resist\u00eancia antimicrobiana. Foto: \u00a9 OMS <\/p>\n<p>Um acordo entre a <strong>Comiss\u00e3o Europeia<\/strong> e a <strong>Organiza\u00e7\u00e3o Mundial da Sa\u00fade<\/strong> (OMS) vai permitir refor\u00e7ar a resposta global \u00e0 <strong>resist\u00eancia antimicrobiana<\/strong>. A parceria, que envolve 3,5 milh\u00f5es de euros no \u00e2mbito do programa EU4Health, ir\u00e1 apoiar \u201ca OMS na monitoriza\u00e7\u00e3o do desenvolvimento de antimicrobianos e contramedidas m\u00e9dicas, na elabora\u00e7\u00e3o de orienta\u00e7\u00f5es para novas inova\u00e7\u00f5es antibacterianas e na implementa\u00e7\u00e3o das Listas de Pat\u00f3genos Priorit\u00e1rios da OMS para orientar a investiga\u00e7\u00e3o e os esfor\u00e7os de sa\u00fade p\u00fablica a n\u00edvel global, regional e nacional\u201d.<\/p>\n<p>\u201cA resist\u00eancia antimicrobiana \u00e9 uma amea\u00e7a grave, mas silenciosa, que causa mais de 35.000 mortes anualmente s\u00f3 na Uni\u00e3o Europeia (UE). Este acordo entre a Comiss\u00e3o e a OMS apoiar\u00e1 a investiga\u00e7\u00e3o de alto impacto e as iniciativas globais de sa\u00fade para prevenir e controlar a resist\u00eancia antimicrobiana. Juntamente com a OMS, refor\u00e7amos a nossa capacidade de prevenir, preparar e proteger a sa\u00fade das pessoas\u201d, afirmou Hadja Lahbib, Comiss\u00e1ria Europeia para a Igualdade, Prepara\u00e7\u00e3o e Gest\u00e3o de Crises.<\/p>\n<p>Para a Comiss\u00e3o Europeia, o acordo tamb\u00e9m \u201cimpulsiona a investiga\u00e7\u00e3o em <strong>terapia com bacteri\u00f3fagos (fagos)<\/strong>, um tratamento inovador que utiliza v\u00edrus para atacar e eliminar bact\u00e9rias.\u201d<\/p>\n<p>Verifica-se que \u201ca terapia com fagos est\u00e1 a ressurgir como uma ferramenta promissora devido ao potencial para atingir especificamente bact\u00e9rias resistentes a medicamentos e complementar os tratamentos com antibi\u00f3ticos.\u201d<\/p>\n<p>O acordo ir\u00e1 tamb\u00e9m permitir a defini\u00e7\u00e3o de melhores pr\u00e1ticas para a investiga\u00e7\u00e3o em terapia com fagos e garantir a sua aplica\u00e7\u00e3o segura e eficaz, e ainda promover um melhor acesso a antibi\u00f3ticos, tanto novos como os j\u00e1 existentes.<\/p>\n<p>Os sistemas de sa\u00fade reconhecem que a resist\u00eancia antimicrobiana \u00e9 uma amea\u00e7a crescente e importante para a sa\u00fade, por isso a Comiss\u00e3o Europeia tornou-a \u201cuma prioridade desde 2022 e est\u00e1 a trabalhar em estreita colabora\u00e7\u00e3o com a OMS para desenvolver novas contramedidas m\u00e9dicas e refor\u00e7ar a resposta global.\u201d<\/p>\n<p>  <img decoding=\"async\" style=\"display:inline-block; margin-bottom:-1px;\" alt=\"Sugerir corre\u00e7\u00e3o\" title=\"Sugerir corre\u00e7\u00e3o\" width=\"10px\" src=\"https:\/\/www.europesays.com\/pt\/wp-content\/uploads\/2025\/07\/ico-edit.png\"\/> Sugira uma corre\u00e7\u00e3o   <\/p>\n","protected":false},"excerpt":{"rendered":"Parceria entre a Comiss\u00e3o Europeia e OMS na resposta \u00e0 resist\u00eancia antimicrobiana. Foto: \u00a9 OMS Um acordo entre&hellip;\n","protected":false},"author":2,"featured_media":182411,"comment_status":"","ping_status":"","sticky":false,"template":"","format":"standard","meta":{"footnotes":""},"categories":[86],"tags":[1346,1834,116,13473,32,33,117],"class_list":{"0":"post-182410","1":"post","2":"type-post","3":"status-publish","4":"format-standard","5":"has-post-thumbnail","7":"category-saude","8":"tag-bacterias","9":"tag-comissao-europeia","10":"tag-health","11":"tag-organizacao-mundial-da-saude","12":"tag-portugal","13":"tag-pt","14":"tag-saude"},"share_on_mastodon":{"url":"https:\/\/pubeurope.com\/@pt\/115694131484861390","error":""},"_links":{"self":[{"href":"https:\/\/www.europesays.com\/pt\/wp-json\/wp\/v2\/posts\/182410","targetHints":{"allow":["GET"]}}],"collection":[{"href":"https:\/\/www.europesays.com\/pt\/wp-json\/wp\/v2\/posts"}],"about":[{"href":"https:\/\/www.europesays.com\/pt\/wp-json\/wp\/v2\/types\/post"}],"author":[{"embeddable":true,"href":"https:\/\/www.europesays.com\/pt\/wp-json\/wp\/v2\/users\/2"}],"replies":[{"embeddable":true,"href":"https:\/\/www.europesays.com\/pt\/wp-json\/wp\/v2\/comments?post=182410"}],"version-history":[{"count":0,"href":"https:\/\/www.europesays.com\/pt\/wp-json\/wp\/v2\/posts\/182410\/revisions"}],"wp:featuredmedia":[{"embeddable":true,"href":"https:\/\/www.europesays.com\/pt\/wp-json\/wp\/v2\/media\/182411"}],"wp:attachment":[{"href":"https:\/\/www.europesays.com\/pt\/wp-json\/wp\/v2\/media?parent=182410"}],"wp:term":[{"taxonomy":"category","embeddable":true,"href":"https:\/\/www.europesays.com\/pt\/wp-json\/wp\/v2\/categories?post=182410"},{"taxonomy":"post_tag","embeddable":true,"href":"https:\/\/www.europesays.com\/pt\/wp-json\/wp\/v2\/tags?post=182410"}],"curies":[{"name":"wp","href":"https:\/\/api.w.org\/{rel}","templated":true}]}}