{"id":182414,"date":"2025-12-10T07:42:09","date_gmt":"2025-12-10T07:42:09","guid":{"rendered":"https:\/\/www.europesays.com\/pt\/182414\/"},"modified":"2025-12-10T07:42:09","modified_gmt":"2025-12-10T07:42:09","slug":"pegada-de-sangue-trama-casal-que-matou-familia-de-braganca","status":"publish","type":"post","link":"https:\/\/www.europesays.com\/pt\/182414\/","title":{"rendered":"Pegada de sangue trama casal que matou fam\u00edlia de Bragan\u00e7a"},"content":{"rendered":"<p data-remotead-prev-elm=\"true\" data-remotead-elm-id=\"inread\">O juiz presidente do coletivo considerou que o casal de toxicodependentes mostrou &#8220;total desrespeito&#8221; pela vida humana e &#8220;pelos pr\u00f3prios corpos&#8221; de duas das v\u00edtimas, que tentaram queimar, ateando um inc\u00eandio na habita\u00e7\u00e3o da fam\u00edlia Pires. O objetivo era &#8220;destruir provas&#8221;, &#8220;encobrir&#8221; e eliminar testemunhas do primeiro homic\u00eddio, o de Olga Pires. Os crimes, que o tribunal considerou de dimens\u00e3o &#8220;grav\u00edssima&#8221;, ocorreram em dois momentos.<\/p>\n","protected":false},"excerpt":{"rendered":"O juiz presidente do coletivo considerou que o casal de toxicodependentes mostrou &#8220;total desrespeito&#8221; pela vida humana e&hellip;\n","protected":false},"author":2,"featured_media":182415,"comment_status":"","ping_status":"","sticky":false,"template":"","format":"standard","meta":{"footnotes":""},"categories":[10],"tags":[1450,27,28,15,16,14,5564,603,25,26,21,22,21824,12,13,19,20,32,23,24,33,21825,17,18,37277,29,30,31],"class_list":{"0":"post-182414","1":"post","2":"type-post","3":"status-publish","4":"format-standard","5":"has-post-thumbnail","7":"category-portugal","8":"tag-braganca","9":"tag-breaking-news","10":"tag-breakingnews","11":"tag-featured-news","12":"tag-featurednews","13":"tag-headlines","14":"tag-homicidio","15":"tag-justica","16":"tag-latest-news","17":"tag-latestnews","18":"tag-main-news","19":"tag-mainnews","20":"tag-nelida","21":"tag-news","22":"tag-noticias","23":"tag-noticias-principais","24":"tag-noticiasprincipais","25":"tag-portugal","26":"tag-principais-noticias","27":"tag-principaisnoticias","28":"tag-pt","29":"tag-sidney","30":"tag-top-stories","31":"tag-topstories","32":"tag-tribunal-de-braganca","33":"tag-ultimas","34":"tag-ultimas-noticias","35":"tag-ultimasnoticias"},"share_on_mastodon":{"url":"https:\/\/pubeurope.com\/@pt\/115694150843386916","error":""},"_links":{"self":[{"href":"https:\/\/www.europesays.com\/pt\/wp-json\/wp\/v2\/posts\/182414","targetHints":{"allow":["GET"]}}],"collection":[{"href":"https:\/\/www.europesays.com\/pt\/wp-json\/wp\/v2\/posts"}],"about":[{"href":"https:\/\/www.europesays.com\/pt\/wp-json\/wp\/v2\/types\/post"}],"author":[{"embeddable":true,"href":"https:\/\/www.europesays.com\/pt\/wp-json\/wp\/v2\/users\/2"}],"replies":[{"embeddable":true,"href":"https:\/\/www.europesays.com\/pt\/wp-json\/wp\/v2\/comments?post=182414"}],"version-history":[{"count":0,"href":"https:\/\/www.europesays.com\/pt\/wp-json\/wp\/v2\/posts\/182414\/revisions"}],"wp:featuredmedia":[{"embeddable":true,"href":"https:\/\/www.europesays.com\/pt\/wp-json\/wp\/v2\/media\/182415"}],"wp:attachment":[{"href":"https:\/\/www.europesays.com\/pt\/wp-json\/wp\/v2\/media?parent=182414"}],"wp:term":[{"taxonomy":"category","embeddable":true,"href":"https:\/\/www.europesays.com\/pt\/wp-json\/wp\/v2\/categories?post=182414"},{"taxonomy":"post_tag","embeddable":true,"href":"https:\/\/www.europesays.com\/pt\/wp-json\/wp\/v2\/tags?post=182414"}],"curies":[{"name":"wp","href":"https:\/\/api.w.org\/{rel}","templated":true}]}}