{"id":182416,"date":"2025-12-10T07:44:09","date_gmt":"2025-12-10T07:44:09","guid":{"rendered":"https:\/\/www.europesays.com\/pt\/182416\/"},"modified":"2025-12-10T07:44:09","modified_gmt":"2025-12-10T07:44:09","slug":"fabiana-justus-detalha-seus-sintomas-antes-de-ser-diagnosticada","status":"publish","type":"post","link":"https:\/\/www.europesays.com\/pt\/182416\/","title":{"rendered":"Fabiana Justus detalha seus sintomas antes de ser diagnosticada"},"content":{"rendered":"<p>Nesta ter\u00e7a-feira, 9, <a href=\"https:\/\/caras.com.br\/tags\/fabiana-justus\" rel=\"nofollow noopener\" target=\"_blank\"><strong>Fabiana Justus<\/strong><\/a>, influenciadora e filha de <strong>Roberto Justus<\/strong>, respondeu algumas perguntas de seus seguidores nas redes sociais. A famosa relembrou um momento dif\u00edcil de sua vida, quando foi diagnosticada com c\u00e2ncer no ano passado e falou sobre seus sintomas na \u00e9poca, antes de descobrir a doen\u00e7a.<\/p>\n<p>\u201cComo foi a dor que sentiu nas costas ao descobrir a doen\u00e7a?\u201d, perguntou um f\u00e3. \u201cUma dor nas costas que pulsava! Parecia que minha lombar ia explodir! (E deu febre)\u201d, respondeu Fabiana em seus stories.<\/p>\n<p>Junto a resposta, a influenciadora digital adicionou uma foto sua da \u00e9poca, quando descobriu o diagn\u00f3stico. \u201cEu, na primeira semana de interna\u00e7\u00e3o\u2026 peito cheio de leite com mil tops pra tentar conter a produ\u00e7\u00e3o\u201c, explicou ela sobre o registro.<\/p>\n<p>Fabiana Justus revela como descobriu leucemia em 2024<\/p>\n<p>A influenciadora digital Fabiana Justus, filha do empres\u00e1rio Roberto Justus, viveu o maior desafio de sua vida em 2024, quando recebeu o primeiro diagn\u00f3stico de c\u00e2ncer. Fabiana, que na \u00e9poca havia acabado de dar \u00e0 luz seu terceiro filho, usou suas redes sociais para compartilhar a not\u00edcia com os f\u00e3s e detalhar a jornada de tratamento contra a Leucemia Mieloide Aguda.<\/p>\n<p>Fabiana come\u00e7ou a sentir-se muito cansada e com dores de cabe\u00e7a intensas e frequentes. Por ter dado \u00e0 luz o filho Luigi recentemente, ela inicialmente atribuiu o mal-estar ao p\u00f3s-parto e \u00e0 rotina de cuidar de tr\u00eas crian\u00e7as pequenas.<\/p>\n<p>Preocupada com a persist\u00eancia dos sintomas, ela realizou exames de sangue que revelaram a altera\u00e7\u00e3o. O diagn\u00f3stico de LMA foi confirmado logo em seguida, virando sua vida de cabe\u00e7a para baixo.<\/p>\n<p>A Leucemia Mieloide Aguda exige tratamento imediato e intensivo. Fabiana come\u00e7ou rapidamente o tratamento com quimioterapia no hospital, o que a manteve isolada da fam\u00edlia por longos per\u00edodos.<\/p>\n<p><strong>Leia tamb\u00e9m:\u00a0<\/strong><a href=\"https:\/\/caras.com.br\/atualidades\/fabiana-justus-e-ticiane-pinheiro-esquecem-apresentacao-das-filhas-na-escola-nao-contava.phtml\" rel=\"nofollow noopener\" target=\"_blank\">Fabiana Justus e Ticiane Pinheiro esquecem apresenta\u00e7\u00e3o das filhas na escola: \u2018N\u00e3o contava\u2019<\/a><\/p>\n<p>        <a href=\"https:\/\/caras.com.br\/autor\/giovanna-f-campos\" rel=\"nofollow noopener\" target=\"_blank\">&#13;<br \/>\n          <img loading=\"lazy\" decoding=\"async\" alt=\"Giovanna F Campos\" src=\"https:\/\/www.europesays.com\/pt\/wp-content\/uploads\/2025\/09\/1758588909_721_525986578_1657136028311574_5510063872310493577_n-150x150.jpg\" class=\"avatar avatar-115 photo rounded-circle\" height=\"115\" width=\"115\"\/>        <\/a><\/p>\n<p>Giovanna F Campos \u00e9 estudante de jornalismo pela Faculdade C\u00e1sper L\u00edbero, apaixonada por entretenimento e literatura.<\/p>\n","protected":false},"excerpt":{"rendered":"Nesta ter\u00e7a-feira, 9, Fabiana Justus, influenciadora e filha de Roberto Justus, respondeu algumas perguntas de seus seguidores nas&hellip;\n","protected":false},"author":2,"featured_media":182417,"comment_status":"","ping_status":"","sticky":false,"template":"","format":"standard","meta":{"footnotes":""},"categories":[145],"tags":[211,210,1128,114,115,14920,2196,32,33,117,4209],"class_list":{"0":"post-182416","1":"post","2":"type-post","3":"status-publish","4":"format-standard","5":"has-post-thumbnail","7":"category-celebridades","8":"tag-celebridades","9":"tag-celebrities","10":"tag-diagnostico","11":"tag-entertainment","12":"tag-entretenimento","13":"tag-fabiana-justus","14":"tag-leucemia","15":"tag-portugal","16":"tag-pt","17":"tag-saude","18":"tag-sintomas"},"share_on_mastodon":{"url":"https:\/\/pubeurope.com\/@pt\/115694159086168386","error":""},"_links":{"self":[{"href":"https:\/\/www.europesays.com\/pt\/wp-json\/wp\/v2\/posts\/182416","targetHints":{"allow":["GET"]}}],"collection":[{"href":"https:\/\/www.europesays.com\/pt\/wp-json\/wp\/v2\/posts"}],"about":[{"href":"https:\/\/www.europesays.com\/pt\/wp-json\/wp\/v2\/types\/post"}],"author":[{"embeddable":true,"href":"https:\/\/www.europesays.com\/pt\/wp-json\/wp\/v2\/users\/2"}],"replies":[{"embeddable":true,"href":"https:\/\/www.europesays.com\/pt\/wp-json\/wp\/v2\/comments?post=182416"}],"version-history":[{"count":0,"href":"https:\/\/www.europesays.com\/pt\/wp-json\/wp\/v2\/posts\/182416\/revisions"}],"wp:featuredmedia":[{"embeddable":true,"href":"https:\/\/www.europesays.com\/pt\/wp-json\/wp\/v2\/media\/182417"}],"wp:attachment":[{"href":"https:\/\/www.europesays.com\/pt\/wp-json\/wp\/v2\/media?parent=182416"}],"wp:term":[{"taxonomy":"category","embeddable":true,"href":"https:\/\/www.europesays.com\/pt\/wp-json\/wp\/v2\/categories?post=182416"},{"taxonomy":"post_tag","embeddable":true,"href":"https:\/\/www.europesays.com\/pt\/wp-json\/wp\/v2\/tags?post=182416"}],"curies":[{"name":"wp","href":"https:\/\/api.w.org\/{rel}","templated":true}]}}