{"id":182431,"date":"2025-12-10T08:01:09","date_gmt":"2025-12-10T08:01:09","guid":{"rendered":"https:\/\/www.europesays.com\/pt\/182431\/"},"modified":"2025-12-10T08:01:09","modified_gmt":"2025-12-10T08:01:09","slug":"a-protegida-laura-pede-um-favor-arriscado-a-margarida-novelas","status":"publish","type":"post","link":"https:\/\/www.europesays.com\/pt\/182431\/","title":{"rendered":"A Protegida: Laura pede um favor arriscado a Margarida &#8211; Novelas"},"content":{"rendered":"<p>Em \u00abA Protegida\u00bb, Margarida (In\u00eas Her\u00e9dia) fica insegura com o que Laura (Alexandra Lencastre) lhe pede e diz que \u00e9 muito arriscado. Laura compreende o desconforto de Margarida, mas acha que ela pode ser os seus olhos e ouvidos na f\u00e1brica, sem comprometer o seu trabalho e sem que Jorge (Paulo Pires) descubra. Margarida n\u00e3o sabe o que dizer.<\/p>\n","protected":false},"excerpt":{"rendered":"Em \u00abA Protegida\u00bb, Margarida (In\u00eas Her\u00e9dia) fica insegura com o que Laura (Alexandra Lencastre) lhe pede e diz&hellip;\n","protected":false},"author":2,"featured_media":182432,"comment_status":"","ping_status":"","sticky":false,"template":"","format":"standard","meta":{"footnotes":""},"categories":[142],"tags":[168,160,166,114,115,157,167,164,2931,161,158,165,159,32,33,156,163,151,162],"class_list":{"0":"post-182431","1":"post","2":"type-post","3":"status-publish","4":"format-standard","5":"has-post-thumbnail","7":"category-tv","8":"tag-a-protegida","9":"tag-ana-guiomar","10":"tag-cristina-ferreira","11":"tag-entertainment","12":"tag-entretenimento","13":"tag-festa-e-festa","14":"tag-ficcao","15":"tag-jose-fidalgo","16":"tag-novela","17":"tag-novelas","18":"tag-para-sempre","19":"tag-pedro-sousa","20":"tag-pedro-teixeira","21":"tag-portugal","22":"tag-pt","23":"tag-queridos-papas","24":"tag-tiago-teotonio-pereira","25":"tag-tv","26":"tag-tvi"},"share_on_mastodon":{"url":"https:\/\/pubeurope.com\/@pt\/115694225670309467","error":""},"_links":{"self":[{"href":"https:\/\/www.europesays.com\/pt\/wp-json\/wp\/v2\/posts\/182431","targetHints":{"allow":["GET"]}}],"collection":[{"href":"https:\/\/www.europesays.com\/pt\/wp-json\/wp\/v2\/posts"}],"about":[{"href":"https:\/\/www.europesays.com\/pt\/wp-json\/wp\/v2\/types\/post"}],"author":[{"embeddable":true,"href":"https:\/\/www.europesays.com\/pt\/wp-json\/wp\/v2\/users\/2"}],"replies":[{"embeddable":true,"href":"https:\/\/www.europesays.com\/pt\/wp-json\/wp\/v2\/comments?post=182431"}],"version-history":[{"count":0,"href":"https:\/\/www.europesays.com\/pt\/wp-json\/wp\/v2\/posts\/182431\/revisions"}],"wp:featuredmedia":[{"embeddable":true,"href":"https:\/\/www.europesays.com\/pt\/wp-json\/wp\/v2\/media\/182432"}],"wp:attachment":[{"href":"https:\/\/www.europesays.com\/pt\/wp-json\/wp\/v2\/media?parent=182431"}],"wp:term":[{"taxonomy":"category","embeddable":true,"href":"https:\/\/www.europesays.com\/pt\/wp-json\/wp\/v2\/categories?post=182431"},{"taxonomy":"post_tag","embeddable":true,"href":"https:\/\/www.europesays.com\/pt\/wp-json\/wp\/v2\/tags?post=182431"}],"curies":[{"name":"wp","href":"https:\/\/api.w.org\/{rel}","templated":true}]}}