{"id":182443,"date":"2025-12-10T08:07:43","date_gmt":"2025-12-10T08:07:43","guid":{"rendered":"https:\/\/www.europesays.com\/pt\/182443\/"},"modified":"2025-12-10T08:07:43","modified_gmt":"2025-12-10T08:07:43","slug":"apple-voltou-a-liderar-venda-de-smartphones-gracas-ao-iphone-16","status":"publish","type":"post","link":"https:\/\/www.europesays.com\/pt\/182443\/","title":{"rendered":"Apple voltou a liderar venda de smartphones gra\u00e7as ao iPhone 16"},"content":{"rendered":"<p>            <a href=\"https:\/\/iservices.pt\/\" target=\"_blank\" rel=\"sponsored noopener nofollow\"><br \/>\n              <img src=\"https:\/\/www.europesays.com\/pt\/wp-content\/uploads\/2025\/12\/1765354051_203_IMG_0625-2.GIF\" alt=\"Pub\" width=\"970\" height=\"250\" loading=\"lazy\" decoding=\"async\" style=\"max-width:100%;height:auto;border-radius:12px;\"\/><br \/>\n            <\/a><\/p>\n<p>No terceiro trimestre de 2025, a Apple voltou a assumir a dianteira no mercado mundial de smartphones. Isto porque o iPhone 16 destacou-se como o modelo mais vendido a n\u00edvel global, mesmo j\u00e1 no seu segundo ano de vida. Surpreendido?<\/p>\n<p>A procura manteve-se elevada gra\u00e7as a utilizadores que trocaram modelos mais antigos, bem como \u00e0s campanhas agressivas dos operadores nos v\u00e1rios mercados e, por \u00faltimo, ao apelo da configura\u00e7\u00e3o base em regi\u00f5es onde os modelos ultra-premium t\u00eam menor peso.<\/p>\n<p><img decoding=\"async\" src=\"https:\/\/www.europesays.com\/pt\/wp-content\/uploads\/2025\/12\/photo-1726828537956-61ae115d7d7a\" class=\"kg-image\" alt=\"A person holding a blue iPhone in their hand\" loading=\"lazy\" width=\"4094\" height=\"2302\"  \/>Photo by <a href=\"https:\/\/unsplash.com\/@amanz\" rel=\"nofollow noopener\" target=\"_blank\">Amanz<\/a> \/ <a href=\"https:\/\/unsplash.com\/?utm_source=ghost&amp;utm_medium=referral&amp;utm_campaign=api-credit\" rel=\"nofollow noopener\" target=\"_blank\">Unsplash<\/a><\/p>\n<p>Ou seja, mesmo um ano depois, o iPhone 16 n\u00e3o deixou de ser t\u00e3o apelativo quanto as restantes empresas e concorrentes da Apple gostariam \u2013 muito pelo contr\u00e1rio. O mesmo passou a ter um pre\u00e7o descontado e, com isso, um aumento elevado nas vendas.<\/p>\n<p>Paralelamente, a Apple conseguiu colocar o iPhone 17 Pro Max no top 10 global, tornando-se o smartphone mais vendido em setembro de 2025. Apesar da disponibilidade limitada no final do trimestre, o modelo conquistou consumidores que tinham adquirido iPhones durante o per\u00edodo da pandemia e que agora regressaram para uma atualiza\u00e7\u00e3o significativa.<\/p>\n<p>Claro est\u00e1 que, entre os novos argumentos para a aquisi\u00e7\u00e3o do mais caro e recente iPhone da empresa de Cupertino, est\u00e3o a c\u00e2mara telefoto de 48MP com Zoom \u00d3tico de 8x e um sistema de arrefecimento por c\u00e2mara de vapor, mas tamb\u00e9m a sua autonomia.<\/p>\n<p>Enquanto a Apple refor\u00e7ava a sua posi\u00e7\u00e3o, a Samsung aumentou a presen\u00e7a no ranking com cinco modelos da s\u00e9rie Galaxy A. No segmento dos dobr\u00e1veis, onde a Apple ainda n\u00e3o entrou, o mercado cresceu 14% em rela\u00e7\u00e3o ao ano anterior, atingindo o maior volume trimestral de sempre.<\/p>\n<p>Finalmente, o Galaxy Z Fold 7 destacou-se pela resposta positiva dos consumidores, gra\u00e7as ao design mais leve e fino, menor visibilidade da dobra e uma nova dobradi\u00e7a mais dur\u00e1vel. Consequentemente, veremos como se comportar\u00e1 o mercado daqui a exatamente 12 meses, depois da Apple apresentar o seu pr\u00f3prio terminal dobr\u00e1vel. Se este segmento cresceu significativamente este ano, 2026 ser\u00e1 o derradeiro ano de crescimento desta categoria, sem d\u00favida alguma.<\/p>\n<p>            <a href=\"https:\/\/get.surfshark.net\/aff_c?offer_id=6&amp;aff_id=27171\" target=\"_blank\" rel=\"sponsored noopener nofollow\"><br \/>\n              <img src=\"https:\/\/www.europesays.com\/pt\/wp-content\/uploads\/2025\/12\/1765354063_573_banner-surfshark.jpg\" alt=\"Pub\" width=\"970\" height=\"250\" loading=\"lazy\" decoding=\"async\" style=\"max-width:100%;height:auto;border-radius:12px;\"\/><br \/>\n            <\/a><\/p>\n","protected":false},"excerpt":{"rendered":"No terceiro trimestre de 2025, a Apple voltou a assumir a dianteira no mercado mundial de smartphones. Isto&hellip;\n","protected":false},"author":2,"featured_media":182444,"comment_status":"","ping_status":"","sticky":false,"template":"","format":"standard","meta":{"footnotes":""},"categories":[84],"tags":[109,107,108,32,33,105,103,104,106,110],"class_list":{"0":"post-182443","1":"post","2":"type-post","3":"status-publish","4":"format-standard","5":"has-post-thumbnail","7":"category-ciencia-e-tecnologia","8":"tag-ciencia","9":"tag-ciencia-e-tecnologia","10":"tag-cienciaetecnologia","11":"tag-portugal","12":"tag-pt","13":"tag-science","14":"tag-science-and-technology","15":"tag-scienceandtechnology","16":"tag-technology","17":"tag-tecnologia"},"share_on_mastodon":{"url":"https:\/\/pubeurope.com\/@pt\/115694249422027508","error":""},"_links":{"self":[{"href":"https:\/\/www.europesays.com\/pt\/wp-json\/wp\/v2\/posts\/182443","targetHints":{"allow":["GET"]}}],"collection":[{"href":"https:\/\/www.europesays.com\/pt\/wp-json\/wp\/v2\/posts"}],"about":[{"href":"https:\/\/www.europesays.com\/pt\/wp-json\/wp\/v2\/types\/post"}],"author":[{"embeddable":true,"href":"https:\/\/www.europesays.com\/pt\/wp-json\/wp\/v2\/users\/2"}],"replies":[{"embeddable":true,"href":"https:\/\/www.europesays.com\/pt\/wp-json\/wp\/v2\/comments?post=182443"}],"version-history":[{"count":0,"href":"https:\/\/www.europesays.com\/pt\/wp-json\/wp\/v2\/posts\/182443\/revisions"}],"wp:featuredmedia":[{"embeddable":true,"href":"https:\/\/www.europesays.com\/pt\/wp-json\/wp\/v2\/media\/182444"}],"wp:attachment":[{"href":"https:\/\/www.europesays.com\/pt\/wp-json\/wp\/v2\/media?parent=182443"}],"wp:term":[{"taxonomy":"category","embeddable":true,"href":"https:\/\/www.europesays.com\/pt\/wp-json\/wp\/v2\/categories?post=182443"},{"taxonomy":"post_tag","embeddable":true,"href":"https:\/\/www.europesays.com\/pt\/wp-json\/wp\/v2\/tags?post=182443"}],"curies":[{"name":"wp","href":"https:\/\/api.w.org\/{rel}","templated":true}]}}