{"id":182458,"date":"2025-12-10T08:20:05","date_gmt":"2025-12-10T08:20:05","guid":{"rendered":"https:\/\/www.europesays.com\/pt\/182458\/"},"modified":"2025-12-10T08:20:05","modified_gmt":"2025-12-10T08:20:05","slug":"cantor-jubilant-sykes-esfaqueado-ate-a-morte-em-casa-filho-detido","status":"publish","type":"post","link":"https:\/\/www.europesays.com\/pt\/182458\/","title":{"rendered":"Cantor Jubilant Sykes esfaqueado at\u00e9 \u00e0 morte em casa. Filho detido"},"content":{"rendered":"<p data-remotead-prev-elm=\"true\" data-remotead-elm-id=\"inread\">Os agentes da pol\u00edcia responderam a uma chamada do 112 na segunda-feira \u00e0 noite que reportava uma agress\u00e3o em curso na resid\u00eancia da cidade costeira a oeste de Los Angeles, segundo um comunicado do Departamento de Pol\u00edcia de Santa Monica.<\/p>\n<p>Quando chegaram ao local encontraram Sykes, de 71 anos, l\u00e1 dentro com feridas cr\u00edticas causadas por uma faca. Os param\u00e9dicos chegaram e declararam-no morto no local, segundo a pol\u00edcia.<\/p>\n<p>O filho da v\u00edtima, Micah Sykes, de 31 anos, encontrava-se na casa e foi detido sem incidentes, adiantou a pol\u00edcia. N\u00e3o se sabia naquele momento se tinha advogado.<\/p>\n<p data-remotead-prev-elm=\"true\" data-remotead-elm-id=\"centro1\">A pol\u00edcia recuperou uma arma e a investiga\u00e7\u00e3o est\u00e1 em curso.<\/p>\n<p>Jubilant Sykes foi nomeado para melhor \u00e1lbum cl\u00e1ssico nos Grammy Awards de 2010 por &#8220;Bernstein: Mass&#8221;, no qual interpretou o papel de celebrante. O cantor participou na produ\u00e7\u00e3o do Metropolitan Opera de 1990 de &#8220;The Gershwin&#8217;s Porgy and Bess&#8221; no papel de Jake.<\/p>\n<p>Natural de Los Angeles, Sykes foi elogiado como carism\u00e1tico numa cr\u00edtica do &#8220;The New York Times&#8221; de 2008 ao &#8220;Mass&#8221;. Em 2002, disse \u00e0 NPR que se sentia confort\u00e1vel a cantar todos os g\u00e9neros de m\u00fasica, do pop \u00e0 \u00f3pera. &#8220;O meu canto \u00e9 como respirar &#8211; \u00e9 uma extens\u00e3o de mim. N\u00e3o penso que seja extraordin\u00e1rio. \u00c9 a minha paix\u00e3o&#8221;, disse \u00e0 NPR numa entrevista em 2002.<\/p>\n","protected":false},"excerpt":{"rendered":"Os agentes da pol\u00edcia responderam a uma chamada do 112 na segunda-feira \u00e0 noite que reportava uma agress\u00e3o&hellip;\n","protected":false},"author":2,"featured_media":182459,"comment_status":"","ping_status":"","sticky":false,"template":"","format":"standard","meta":{"footnotes":""},"categories":[85],"tags":[114,115,413,5564,32,33],"class_list":{"0":"post-182458","1":"post","2":"type-post","3":"status-publish","4":"format-standard","5":"has-post-thumbnail","7":"category-entretenimento","8":"tag-entertainment","9":"tag-entretenimento","10":"tag-eua","11":"tag-homicidio","12":"tag-portugal","13":"tag-pt"},"share_on_mastodon":{"url":"https:\/\/pubeurope.com\/@pt\/115694300235656435","error":""},"_links":{"self":[{"href":"https:\/\/www.europesays.com\/pt\/wp-json\/wp\/v2\/posts\/182458","targetHints":{"allow":["GET"]}}],"collection":[{"href":"https:\/\/www.europesays.com\/pt\/wp-json\/wp\/v2\/posts"}],"about":[{"href":"https:\/\/www.europesays.com\/pt\/wp-json\/wp\/v2\/types\/post"}],"author":[{"embeddable":true,"href":"https:\/\/www.europesays.com\/pt\/wp-json\/wp\/v2\/users\/2"}],"replies":[{"embeddable":true,"href":"https:\/\/www.europesays.com\/pt\/wp-json\/wp\/v2\/comments?post=182458"}],"version-history":[{"count":0,"href":"https:\/\/www.europesays.com\/pt\/wp-json\/wp\/v2\/posts\/182458\/revisions"}],"wp:featuredmedia":[{"embeddable":true,"href":"https:\/\/www.europesays.com\/pt\/wp-json\/wp\/v2\/media\/182459"}],"wp:attachment":[{"href":"https:\/\/www.europesays.com\/pt\/wp-json\/wp\/v2\/media?parent=182458"}],"wp:term":[{"taxonomy":"category","embeddable":true,"href":"https:\/\/www.europesays.com\/pt\/wp-json\/wp\/v2\/categories?post=182458"},{"taxonomy":"post_tag","embeddable":true,"href":"https:\/\/www.europesays.com\/pt\/wp-json\/wp\/v2\/tags?post=182458"}],"curies":[{"name":"wp","href":"https:\/\/api.w.org\/{rel}","templated":true}]}}