{"id":182460,"date":"2025-12-10T08:21:07","date_gmt":"2025-12-10T08:21:07","guid":{"rendered":"https:\/\/www.europesays.com\/pt\/182460\/"},"modified":"2025-12-10T08:21:07","modified_gmt":"2025-12-10T08:21:07","slug":"como-liderar-equipes-com-confianca-empresas","status":"publish","type":"post","link":"https:\/\/www.europesays.com\/pt\/182460\/","title":{"rendered":"Como liderar equipes com confian\u00e7a | Empresas"},"content":{"rendered":"\n<p class=\" content-text__container \" data-track-category=\"Link no Texto\" data-track-links=\"\"> Para ser escolhida pela Nasa para miss\u00f5es especiais, uma pessoa precisa saber resolver problemas com criatividade, liderar com confian\u00e7a, trabalhar em equipe e persistir diante dos desafios. Tudo isso \u00e9 igualmente \u00fatil na vida pessoal e profissional, e \u00e9 isso que o ex-astronauta americano Mike Massimino ensina em \u201cMoonshot\u201d, o mais novo livro do selo Livros de <strong>Valor<\/strong>, que est\u00e1 sendo lan\u00e7ado nesta quarta-feira (10). <\/p>\n","protected":false},"excerpt":{"rendered":"Para ser escolhida pela Nasa para miss\u00f5es especiais, uma pessoa precisa saber resolver problemas com criatividade, liderar com&hellip;\n","protected":false},"author":2,"featured_media":182461,"comment_status":"","ping_status":"","sticky":false,"template":"","format":"standard","meta":{"footnotes":""},"categories":[84],"tags":[109,107,108,37280,12161,26193,37282,1149,32,33,105,103,104,106,110,37281],"class_list":{"0":"post-182460","1":"post","2":"type-post","3":"status-publish","4":"format-standard","5":"has-post-thumbnail","7":"category-ciencia-e-tecnologia","8":"tag-ciencia","9":"tag-ciencia-e-tecnologia","10":"tag-cienciaetecnologia","11":"tag-columbia","12":"tag-ibm","13":"tag-industria-aeroespacial","14":"tag-mit-massachusetts-institute-of-technology","15":"tag-nasa","16":"tag-portugal","17":"tag-pt","18":"tag-science","19":"tag-science-and-technology","20":"tag-scienceandtechnology","21":"tag-technology","22":"tag-tecnologia","23":"tag-universidade-columbia"},"share_on_mastodon":{"url":"","error":""},"_links":{"self":[{"href":"https:\/\/www.europesays.com\/pt\/wp-json\/wp\/v2\/posts\/182460","targetHints":{"allow":["GET"]}}],"collection":[{"href":"https:\/\/www.europesays.com\/pt\/wp-json\/wp\/v2\/posts"}],"about":[{"href":"https:\/\/www.europesays.com\/pt\/wp-json\/wp\/v2\/types\/post"}],"author":[{"embeddable":true,"href":"https:\/\/www.europesays.com\/pt\/wp-json\/wp\/v2\/users\/2"}],"replies":[{"embeddable":true,"href":"https:\/\/www.europesays.com\/pt\/wp-json\/wp\/v2\/comments?post=182460"}],"version-history":[{"count":0,"href":"https:\/\/www.europesays.com\/pt\/wp-json\/wp\/v2\/posts\/182460\/revisions"}],"wp:featuredmedia":[{"embeddable":true,"href":"https:\/\/www.europesays.com\/pt\/wp-json\/wp\/v2\/media\/182461"}],"wp:attachment":[{"href":"https:\/\/www.europesays.com\/pt\/wp-json\/wp\/v2\/media?parent=182460"}],"wp:term":[{"taxonomy":"category","embeddable":true,"href":"https:\/\/www.europesays.com\/pt\/wp-json\/wp\/v2\/categories?post=182460"},{"taxonomy":"post_tag","embeddable":true,"href":"https:\/\/www.europesays.com\/pt\/wp-json\/wp\/v2\/tags?post=182460"}],"curies":[{"name":"wp","href":"https:\/\/api.w.org\/{rel}","templated":true}]}}