{"id":182468,"date":"2025-12-10T08:32:08","date_gmt":"2025-12-10T08:32:08","guid":{"rendered":"https:\/\/www.europesays.com\/pt\/182468\/"},"modified":"2025-12-10T08:32:08","modified_gmt":"2025-12-10T08:32:08","slug":"costa-do-marfim-chama-diomande-e-konan-para-a-can-2025-zerozero-pt","status":"publish","type":"post","link":"https:\/\/www.europesays.com\/pt\/182468\/","title":{"rendered":"Costa do Marfim chama Diomande e Konan para a CAN 2025 &#8211; zerozero.pt"},"content":{"rendered":"<ol>\n<li><a href=\"https:\/\/news.google.com\/rss\/articles\/CBMilwFBVV95cUxNeVVfc3FRNmxLNHpfUlZqb1BlUERDUm1seTN3ZU5qd3lBVFlSZ1dONkZZNkxKV0Q4NVVOeEx2WjVmLU03NXpsbG1BVUFQSDRIZHdLaXc1RHdISVZxeTBiZGtmZWNqM2Z4NlFOcnI0NUJLaHNLUUx5T0w5QllTel9tWG0tbTlkcjNmUkhNRTdNZDMyWXNBREhn?oc=5\" target=\"_blank\" rel=\"nofollow noopener\">Costa do Marfim chama Diomande e Konan para a CAN 2025<\/a>&nbsp;&nbsp;zerozero.pt<\/li>\n<li><a href=\"https:\/\/news.google.com\/rss\/articles\/CBMipwFBVV95cUxPNDVHX3dnY3c3YlJMUzFvc25uMW85TktHbDg2Q1JBQ3Y3Z3JiVXU3S19PTUVGVENoSE15UHBqU2I4V24wRG0wbHc4RFRxQlJHbnJrV19sbDAza2twQ0JHMG9vVDh1OC1YbEpRRTlYUm5mLTN4T3M1dDJNYmVaeUdKT3JDQmZfNVI0eU84SlF1RThSVzd0MlNqbjFDR0Z6Nk5GM0ZhcjhSbw?oc=5\" target=\"_blank\" rel=\"nofollow noopener\">Confirmado: CAN tira pedra basilar \u00e0 defesa do Sporting<\/a>&nbsp;&nbsp;A Bola<\/li>\n<li><a href=\"https:\/\/news.google.com\/rss\/articles\/CBMilwJBVV95cUxQYWJIRktScGRxdjNvU3hQQUI2aDhFMFFTVG1GYjFHdm5rbzJ5Uk91X0dhWlF0V0RCcjVPMVdrYWZHY0ppb1ZmZ2UtRDJEX1RLRE13M0RVZkwzSTZzNlBfb09oM056RzIxZEZrV3UwcDdsdW5meTB0MzhHN2FoTGNFaDVDVU5ZWVJyVmhsNmsxSDl6YThuX1VPUHEwak5ueEFZbzJlbk9JWkFNSVFBQ1B3UkZ0dy1mdThpSW1xSFZLa0JqTDJ0aWk2eG91Q3FlTlVDSlkxclR3V3E3Z0tDOTF2VzVVTjQzYnJnUjVXcTRiejdDOUlUeFc3QkZoZ3AtLWFzUS1jMjhGM1VPMzM2WDctZFVEUTdEN0U?oc=5\" target=\"_blank\" rel=\"nofollow noopener\">Wilfried Zaha volta \u00e0 Costa do Marfim para defender o t\u00edtulo da Copa das Na\u00e7\u00f5es Africanas antes da Copa do Mundo de 2026 | oalanbrado.com.br<\/a>&nbsp;&nbsp;oalanbrado.com.br<\/li>\n<li><a href=\"https:\/\/news.google.com\/rss\/articles\/CBMixAFBVV95cUxOYjhRNVpTdWxUX1drODZOWmEwUGtWbUlVdkxqTE51Q2l1c1ZrSVJxVmRxZlYwazlUTUZza3VkWTdJSmU5SUk4b1BGeFprZjl4Yk5FZ1lraW1RVC15TXZaRmhhbHc5TFkwWVpoWmIzcl9JWE5kWUVpYzNoVEF2a1FYYUh2RzVBakJRMnlZMVhoQm9Kd3czTFA2UmZhb3ZPMFY0WjNuS3ZwS3VGbWFhZGdGemxoYTAtRkxxT084TEtlaFp3aksx?oc=5\" target=\"_blank\" rel=\"nofollow noopener\">\u00abDiomande e Catamo na CAN? Que n\u00e3o lhes corra bem, em termos coletivos\u00bb<\/a>&nbsp;&nbsp;CNN Portugal<\/li>\n<li><a href=\"https:\/\/news.google.com\/rss\/articles\/CBMi0gFBVV95cUxQczFqbS1zcUhFVzlTVzN6Zk5MZFdhY0F1X0dMRVh2SEx0cWc2TC1RLUoxTm5NLWZuU3ZmZEdnSm5zLVpnTUdyQUVxa1hRZmNWVkp3S2J6ZUZlaVp4LV80M3dHVVRlNllJakM5ZmRickRCMTQ3bkFrN0pYMjNFUVdWUVA0Z1ZNam5mYXQ0dGN1T0J1TXBaSmZQZjljRjBxeDRDUE5taVlGaXpXeEE1c0tMRl9FcmQtczdLY0NFTlN0Tkkwd3MyNUVSM2hzMTNJUFl5SEE?oc=5\" target=\"_blank\" rel=\"nofollow noopener\">Ousmane Diomande na CAN 2025: eis os 7 jogos do Sporting que o defesa pode falhar<\/a>&nbsp;&nbsp;Bola na Rede<\/li>\n<\/ol>\n","protected":false},"excerpt":{"rendered":"Costa do Marfim chama Diomande e Konan para a CAN 2025&nbsp;&nbsp;zerozero.pt Confirmado: CAN tira pedra basilar \u00e0 defesa&hellip;\n","protected":false},"author":2,"featured_media":182469,"comment_status":"","ping_status":"","sticky":false,"template":"","format":"standard","meta":{"footnotes":""},"categories":[87],"tags":[3056,2685,135,16996,870,2698,526,31454,524,1003,6027,13,32,33,527,31535,525,134,31536,2697,523],"class_list":{"0":"post-182468","1":"post","2":"type-post","3":"status-publish","4":"format-standard","5":"has-post-thumbnail","7":"category-desporto","8":"tag-ao-vivo","9":"tag-bola","10":"tag-desporto","11":"tag-europeu","12":"tag-eventos","13":"tag-fifa","14":"tag-football","15":"tag-forum","16":"tag-futebol","17":"tag-liga-dos-campeoes","18":"tag-mundial","19":"tag-noticias","20":"tag-portugal","21":"tag-pt","22":"tag-resultados","23":"tag-resultados-em-directo","24":"tag-soccer","25":"tag-sports","26":"tag-torneios","27":"tag-uefa","28":"tag-zerozero"},"share_on_mastodon":{"url":"https:\/\/pubeurope.com\/@pt\/115694347539546563","error":""},"_links":{"self":[{"href":"https:\/\/www.europesays.com\/pt\/wp-json\/wp\/v2\/posts\/182468","targetHints":{"allow":["GET"]}}],"collection":[{"href":"https:\/\/www.europesays.com\/pt\/wp-json\/wp\/v2\/posts"}],"about":[{"href":"https:\/\/www.europesays.com\/pt\/wp-json\/wp\/v2\/types\/post"}],"author":[{"embeddable":true,"href":"https:\/\/www.europesays.com\/pt\/wp-json\/wp\/v2\/users\/2"}],"replies":[{"embeddable":true,"href":"https:\/\/www.europesays.com\/pt\/wp-json\/wp\/v2\/comments?post=182468"}],"version-history":[{"count":0,"href":"https:\/\/www.europesays.com\/pt\/wp-json\/wp\/v2\/posts\/182468\/revisions"}],"wp:featuredmedia":[{"embeddable":true,"href":"https:\/\/www.europesays.com\/pt\/wp-json\/wp\/v2\/media\/182469"}],"wp:attachment":[{"href":"https:\/\/www.europesays.com\/pt\/wp-json\/wp\/v2\/media?parent=182468"}],"wp:term":[{"taxonomy":"category","embeddable":true,"href":"https:\/\/www.europesays.com\/pt\/wp-json\/wp\/v2\/categories?post=182468"},{"taxonomy":"post_tag","embeddable":true,"href":"https:\/\/www.europesays.com\/pt\/wp-json\/wp\/v2\/tags?post=182468"}],"curies":[{"name":"wp","href":"https:\/\/api.w.org\/{rel}","templated":true}]}}