{"id":182478,"date":"2025-12-10T08:40:35","date_gmt":"2025-12-10T08:40:35","guid":{"rendered":"https:\/\/www.europesays.com\/pt\/182478\/"},"modified":"2025-12-10T08:40:35","modified_gmt":"2025-12-10T08:40:35","slug":"pessoas-ricas-em-ativos-e-pobres-em-dinheiro-supervisor-dos-seguros-e-fundos-de-pensoes-abre-caminho-as-hipotecas-inversas-em-portugal-observador","status":"publish","type":"post","link":"https:\/\/www.europesays.com\/pt\/182478\/","title":{"rendered":"&quot;Pessoas ricas em ativos e pobres em dinheiro&quot;. Supervisor dos seguros e fundos de pens\u00f5es abre caminho \u00e0s &quot;hipotecas inversas&quot; em Portugal &#8211; Observador"},"content":{"rendered":"<ol>\n<li><a href=\"https:\/\/news.google.com\/rss\/articles\/CBMi_AFBVV95cUxPYXVqa0VFeURkeDZpNGNNODc4Y1cyWWVUa0JRcGZYWU9ta0l3b1VRQXVheFN1bUR3RnBkZ2ktZzQtSlhDaXVyalh0NzN0M3BTUDQ4OGZyUm1IbldBT0lGX19ZaE9PaTl1RzVaWWxYQ0JfQkozbnJVaTY3ZEE0U1ZLVTBLdklDYTk4RW9hQWRHZ205TmprbV9pbjJOdTlyOXlPQjNMdUZnLWRUSEdSRXk3aERldnk2U1dHeGtvT3FabGlHUXh4UHVRQnQ2T19seVFmb0VtNnN4S0I1WUl3aVI1N05hSFNMT0stZWMwWU9IbkxvMjVSdV9hM05mTzI?oc=5\" target=\"_blank\" rel=\"nofollow noopener\">&#8220;Pessoas ricas em ativos e pobres em dinheiro&#8221;. Supervisor dos seguros e fundos de pens\u00f5es abre caminho \u00e0s &#8220;hipotecas inversas&#8221; em Portugal<\/a>&nbsp;&nbsp;Observador<\/li>\n<li><a href=\"https:\/\/news.google.com\/rss\/articles\/CBMixAFBVV95cUxQZmMyY0tYM3NSSUtyczctMFJuYVhIMkpNTU5LTS1vQTc4UFYyZlgxSlZ1TXE0VkZlMTkwNmR2RWVGaF9LamdDcmoydkJ1MV9PUk5rR1Y4ajNWWUtqNGVvcHBRUmxSM3lObkYwNTJmVUNFd1pGTVlkck4tN0FEOHRHVzkxdnlsMWFuMGxkWjFXV05mNnRBbTRDVkRKUVJublhVWTBxZk1ZUlZmVF9hbVFSOXg1SEpRSEgxZW8ydTlQeFZmOUZm?oc=5\" target=\"_blank\" rel=\"nofollow noopener\">Regulador de seguros vai analisar desequil\u00edbrio nos contratos de prote\u00e7\u00e3o ao cr\u00e9dito<\/a>&nbsp;&nbsp;RTP<\/li>\n<li><a href=\"https:\/\/news.google.com\/rss\/articles\/CBMitAFBVV95cUxOLXRxV1hWRXhiVTB5V2NzTEZhbVl5cl9HQXBGTVA4dXdGVUdHODUzOEdkcjkzTWlQOGd0bDFtRXZYOWFvak1YMDktalo4UVl0RVdBazJlRk1KbEo2VmphUGRPOGFqX2ctQW1WbzBpRTFsY2l4SXg2VUZITVhySV9BWmhHMENWdGVTeUNrSGNFSjhGa2tFOTE0YmNOam1lX3pWRTdlbC1jeTJyQl9UUXB2SEs2cTM?oc=5\" target=\"_blank\" rel=\"nofollow noopener\">ASF vai fiscalizar pol\u00edticas ambientais para travar \u201cgreenwashing\u201d<\/a>&nbsp;&nbsp;Not\u00edcias ao Minuto<\/li>\n<li><a href=\"https:\/\/news.google.com\/rss\/articles\/CBMif0FVX3lxTE1iOVNoSEQyUl9qb05obzdQNUc0VURNN1d1SlB4SVo0VWtZdlBtQzVJS29oTEtRNXlWb1ZoR0NCSUpfbXpieTlINkdmSDlSZ0VzT0VOR3dRa3BBVEpvSEpmaWFqUjdObHdqYkFQZDN3QU9HY2ZqRVlUQXB6bjZWOHM?oc=5\" target=\"_blank\" rel=\"nofollow noopener\">PPR est\u00e3o esgotados como poupan\u00e7a<\/a>&nbsp;&nbsp;cmjornal.pt<\/li>\n<li><a href=\"https:\/\/news.google.com\/rss\/articles\/CBMikAFBVV95cUxQejg1alJCYmdYckJqMnF0UWxiSTVSTXUxRDhaYjhBOUZjYVk2V0NLekxxcWdYcFNXMnJ1cTZPZUVNOFJ6Y1EyLU9udUQwSFczdnBzcHZYRzJ6a0tqbl9qZm4zaWFVcWVDZzBRNlVoVnZWSklXN05FVUxITnBjSmRObW41YnFlMkk1Z01JTXdudWQ?oc=5\" target=\"_blank\" rel=\"nofollow noopener\">ASF divulga 18 objetivos para mudar os Seguros at\u00e9 2028<\/a>&nbsp;&nbsp;ECO<\/li>\n<\/ol>\n","protected":false},"excerpt":{"rendered":"&#8220;Pessoas ricas em ativos e pobres em dinheiro&#8221;. Supervisor dos seguros e fundos de pens\u00f5es abre caminho \u00e0s&hellip;\n","protected":false},"author":2,"featured_media":182377,"comment_status":"","ping_status":"","sticky":false,"template":"","format":"standard","meta":{"footnotes":""},"categories":[8],"tags":[27,28,15,16,14,25,26,21,22,12,13,19,20,32,23,24,33,17,18,29,30,31],"class_list":{"0":"post-182478","1":"post","2":"type-post","3":"status-publish","4":"format-standard","5":"has-post-thumbnail","7":"category-principais-noticias","8":"tag-breaking-news","9":"tag-breakingnews","10":"tag-featured-news","11":"tag-featurednews","12":"tag-headlines","13":"tag-latest-news","14":"tag-latestnews","15":"tag-main-news","16":"tag-mainnews","17":"tag-news","18":"tag-noticias","19":"tag-noticias-principais","20":"tag-noticiasprincipais","21":"tag-portugal","22":"tag-principais-noticias","23":"tag-principaisnoticias","24":"tag-pt","25":"tag-top-stories","26":"tag-topstories","27":"tag-ultimas","28":"tag-ultimas-noticias","29":"tag-ultimasnoticias"},"share_on_mastodon":{"url":"https:\/\/pubeurope.com\/@pt\/115694379002878973","error":""},"_links":{"self":[{"href":"https:\/\/www.europesays.com\/pt\/wp-json\/wp\/v2\/posts\/182478","targetHints":{"allow":["GET"]}}],"collection":[{"href":"https:\/\/www.europesays.com\/pt\/wp-json\/wp\/v2\/posts"}],"about":[{"href":"https:\/\/www.europesays.com\/pt\/wp-json\/wp\/v2\/types\/post"}],"author":[{"embeddable":true,"href":"https:\/\/www.europesays.com\/pt\/wp-json\/wp\/v2\/users\/2"}],"replies":[{"embeddable":true,"href":"https:\/\/www.europesays.com\/pt\/wp-json\/wp\/v2\/comments?post=182478"}],"version-history":[{"count":0,"href":"https:\/\/www.europesays.com\/pt\/wp-json\/wp\/v2\/posts\/182478\/revisions"}],"wp:featuredmedia":[{"embeddable":true,"href":"https:\/\/www.europesays.com\/pt\/wp-json\/wp\/v2\/media\/182377"}],"wp:attachment":[{"href":"https:\/\/www.europesays.com\/pt\/wp-json\/wp\/v2\/media?parent=182478"}],"wp:term":[{"taxonomy":"category","embeddable":true,"href":"https:\/\/www.europesays.com\/pt\/wp-json\/wp\/v2\/categories?post=182478"},{"taxonomy":"post_tag","embeddable":true,"href":"https:\/\/www.europesays.com\/pt\/wp-json\/wp\/v2\/tags?post=182478"}],"curies":[{"name":"wp","href":"https:\/\/api.w.org\/{rel}","templated":true}]}}