{"id":182481,"date":"2025-12-10T08:44:29","date_gmt":"2025-12-10T08:44:29","guid":{"rendered":"https:\/\/www.europesays.com\/pt\/182481\/"},"modified":"2025-12-10T08:44:29","modified_gmt":"2025-12-10T08:44:29","slug":"tres-nomeadas-em-secret-story-uma-delas-vai-abandonar-o-reality-show-da-tvi","status":"publish","type":"post","link":"https:\/\/www.europesays.com\/pt\/182481\/","title":{"rendered":"Tr\u00eas nomeadas em &#8220;Secret Story&#8221;: uma delas vai abandonar o reality show da TVI!"},"content":{"rendered":"<p>Menos de 24 horas depois do fim da 13.\u00aa gala da nona edi\u00e7\u00e3o de &#8220;Secret Story &#8211; Casa dos Segredos&#8221;, Cristina Ferreira regressou \u00e0 antena da <a href=\"https:\/\/tvi.iol.pt\/\" target=\"_blank\" rel=\"nofollow noopener\">TVI<\/a>, esta segunda-feira, dia 8, para falar com os concorrentes e revelar quem comp\u00f5e o leque de nomeados desta semana. Nesta semana, o grupo \u00e9 constitu\u00eddo exclusivamente por mulheres.<\/p>\n<p>Na ronda de nomea\u00e7\u00f5es que decorreu na noite anterior, Ana Batista e In\u00eas Gama foram as mais indicadas, com cinco votos. Por sua vez, Liliana Oliveira somou tr\u00eas votos, <a href=\"https:\/\/selfie.iol.pt\/famosos\/casa-dos-segredos-9\/secret-story-pedro-jorge-nem-sonha-mas-acaba-de-ter-mais-uma-conquista-nao-acontecem-por-acaso\/20251204\/6931c052d34e2bd5c6d4c02c\" target=\"_blank\" rel=\"nofollow noopener\">Pedro Jorge<\/a> dois e Leandro Martins somente um. J\u00e1 Marisa Pires n\u00e3o recebeu qualquer voto, \u00e0 semelhan\u00e7a de <a href=\"https:\/\/selfie.iol.pt\/famosos\/casa-dos-segredos-9\/nos-bastidores-de-secret-story-irma-de-fabio-condena-bastante-cego-por-amor\/20251202\/692f3d01d34e2bd5c6d4ab3e\" target=\"_blank\" rel=\"nofollow noopener\">F\u00e1bio Pereira<\/a> &#8211; este por estar imune.<\/p>\n<p>Assim sendo, a apresentadora informou que est\u00e3o em risco de abandonar o reality show da esta\u00e7\u00e3o de Queluz de Baixo, no pr\u00f3ximo domingo, dia 14, tr\u00eas concorrente: Ana Batista, In\u00eas Gama e Liliana Oliveira.<\/p>\n<p>(Re)Veja, agora, nas galerias que prepar\u00e1mos para si, as melhores imagens da mais recente gala de &#8220;<a href=\"https:\/\/tvi.iol.pt\/secretstory\/\" target=\"_blank\" rel=\"nofollow noopener\">Secret Story<\/a> &#8211; Casa dos Segredos&#8221;.<\/p>\n","protected":false},"excerpt":{"rendered":"Menos de 24 horas depois do fim da 13.\u00aa gala da nona edi\u00e7\u00e3o de &#8220;Secret Story &#8211; Casa&hellip;\n","protected":false},"author":2,"featured_media":182482,"comment_status":"","ping_status":"","sticky":false,"template":"","format":"standard","meta":{"footnotes":""},"categories":[142],"tags":[6340,26382,3539,2632,13471,6338,328,166,114,115,19082,24884,980,15353,25393,12397,26373,19016,24883,19184,21766,619,13845,7093,37283,3448,14646,21416,32,33,1014,1315,6985,16687,16686,1012,6986,16688,151,162],"class_list":{"0":"post-182481","1":"post","2":"type-post","3":"status-publish","4":"format-standard","5":"has-post-thumbnail","7":"category-tv","8":"tag-ana","9":"tag-ana-batista","10":"tag-apresentadora","11":"tag-casa-dos-segredos","12":"tag-casa-dos-segredos-9","13":"tag-concorrente","14":"tag-concorrentes","15":"tag-cristina-ferreira","16":"tag-entertainment","17":"tag-entretenimento","18":"tag-fabio","19":"tag-fabio-pereira","20":"tag-famosos","21":"tag-ines","22":"tag-ines-gama","23":"tag-leandro","24":"tag-leandro-martins","25":"tag-liliana","26":"tag-liliana-oliveira","27":"tag-marisa","28":"tag-marisa-pires","29":"tag-nacional","30":"tag-nomeacoes","31":"tag-nomeada","32":"tag-nomeadas","33":"tag-nomeados","34":"tag-pedro","35":"tag-pedro-jorge","36":"tag-portugal","37":"tag-pt","38":"tag-reality-show","39":"tag-secret-story","40":"tag-secret-story-casa-dos-segredos","41":"tag-secret-story-casa-dos-segredos-9","42":"tag-secret-story-9","43":"tag-selfie","44":"tag-ss","45":"tag-ss9","46":"tag-tv","47":"tag-tvi"},"share_on_mastodon":{"url":"","error":"Validation failed: Text character limit of 500 exceeded"},"_links":{"self":[{"href":"https:\/\/www.europesays.com\/pt\/wp-json\/wp\/v2\/posts\/182481","targetHints":{"allow":["GET"]}}],"collection":[{"href":"https:\/\/www.europesays.com\/pt\/wp-json\/wp\/v2\/posts"}],"about":[{"href":"https:\/\/www.europesays.com\/pt\/wp-json\/wp\/v2\/types\/post"}],"author":[{"embeddable":true,"href":"https:\/\/www.europesays.com\/pt\/wp-json\/wp\/v2\/users\/2"}],"replies":[{"embeddable":true,"href":"https:\/\/www.europesays.com\/pt\/wp-json\/wp\/v2\/comments?post=182481"}],"version-history":[{"count":0,"href":"https:\/\/www.europesays.com\/pt\/wp-json\/wp\/v2\/posts\/182481\/revisions"}],"wp:featuredmedia":[{"embeddable":true,"href":"https:\/\/www.europesays.com\/pt\/wp-json\/wp\/v2\/media\/182482"}],"wp:attachment":[{"href":"https:\/\/www.europesays.com\/pt\/wp-json\/wp\/v2\/media?parent=182481"}],"wp:term":[{"taxonomy":"category","embeddable":true,"href":"https:\/\/www.europesays.com\/pt\/wp-json\/wp\/v2\/categories?post=182481"},{"taxonomy":"post_tag","embeddable":true,"href":"https:\/\/www.europesays.com\/pt\/wp-json\/wp\/v2\/tags?post=182481"}],"curies":[{"name":"wp","href":"https:\/\/api.w.org\/{rel}","templated":true}]}}