{"id":182506,"date":"2025-12-10T09:01:13","date_gmt":"2025-12-10T09:01:13","guid":{"rendered":"https:\/\/www.europesays.com\/pt\/182506\/"},"modified":"2025-12-10T09:01:13","modified_gmt":"2025-12-10T09:01:13","slug":"champions-barcelona-e-atletico-madrid-vencem-com-reviravoltas-relampago","status":"publish","type":"post","link":"https:\/\/www.europesays.com\/pt\/182506\/","title":{"rendered":"Champions: Barcelona e Atl\u00e9tico Madrid vencem com reviravoltas rel\u00e2mpago"},"content":{"rendered":"<p>O Barcelona e o Atl\u00e9tico Madrid venceram, respetivamente, o Eintracht Frankfurt e o PSV Eindhoven e somaram mais tr\u00eas pontos importantes rumo \u00e0 continuidade na Liga dos Campe\u00f5es.<\/p>\n<p>Em Camp Nou, os alem\u00e3es adiantaram-se no marcador aos 21 minutos por Knauff, na concretiza\u00e7\u00e3o de uma transi\u00e7\u00e3o letal, e ainda alimentaram a esperan\u00e7a de nova vit\u00f3ria tr\u00eas anos e meio depois do triunfo nas meias-finais da Liga Europa.<\/p>\n<p>Ao intervalo, Hansi Flick lan\u00e7ou Marcus Rashford no jogo e o ingl\u00eas cedido pelo Manchester United assistiu de forma soberba Jules Kound\u00e9 para o 1-1 ao minuto 50.<\/p>\n<p>Nem tr\u00eas minutos depois, Kound\u00e9 bisou, novamente de cabe\u00e7a, mas a passe de Lamine Yamal.<\/p>\n<p>Agora com dez pontos, o Bar\u00e7a est\u00e1 em posi\u00e7\u00e3o de play-off de acesso aos \u00aboitavos\u00bb.<\/p>\n<p>\u00c0 mesma hora, mas nos Pa\u00edses Baixos, o Atl\u00e9tico Madrid aplicou uma receita semelhante \u00e0 dos rivais espanh\u00f3is, mas com vit\u00f3ria por 3-2. A equipa de Diego Simeone entrou a perder (Guus Til aos 10m), mas empatou a poucos minutos do intervalo por Juli\u00e1n \u00c1lvaraz na sequ\u00eancia de um erro crasso alheio.<\/p>\n<p>Na segunda parte, Hanko assinou a reviravolta dos colchoneros aos 52 minutos e pouco depois Sorloth considou-a.<\/p>\n<p>J\u00e1 nos minutos finais, Pepi ainda alimentou a incerteza, mas a equipa neerlandesa n\u00e3o conseguiu chegar \u00e0 igualdade.<\/p>\n<p>O Atl\u00e9tico Madrid tem agora 12 pontos na Champions e salta, \u00e0 condi\u00e7\u00e3o, para o grupo das equipas apuradas diretamente para os oitavos de final da Champions.<\/p>\n","protected":false},"excerpt":{"rendered":"O Barcelona e o Atl\u00e9tico Madrid venceram, respetivamente, o Eintracht Frankfurt e o PSV Eindhoven e somaram mais&hellip;\n","protected":false},"author":2,"featured_media":182507,"comment_status":"","ping_status":"","sticky":false,"template":"","format":"standard","meta":{"footnotes":""},"categories":[87],"tags":[3171,1235,135,7706,1003,46,32,33,47,8484,134],"class_list":{"0":"post-182506","1":"post","2":"type-post","3":"status-publish","4":"format-standard","5":"has-post-thumbnail","7":"category-desporto","8":"tag-atletico-madrid","9":"tag-barcelona","10":"tag-desporto","11":"tag-liga-campeoes","12":"tag-liga-dos-campeoes","13":"tag-maisfutebol","14":"tag-portugal","15":"tag-pt","16":"tag-pura-paixao","17":"tag-resultados-de-hoje","18":"tag-sports"},"share_on_mastodon":{"url":"https:\/\/pubeurope.com\/@pt\/115694461734195974","error":""},"_links":{"self":[{"href":"https:\/\/www.europesays.com\/pt\/wp-json\/wp\/v2\/posts\/182506","targetHints":{"allow":["GET"]}}],"collection":[{"href":"https:\/\/www.europesays.com\/pt\/wp-json\/wp\/v2\/posts"}],"about":[{"href":"https:\/\/www.europesays.com\/pt\/wp-json\/wp\/v2\/types\/post"}],"author":[{"embeddable":true,"href":"https:\/\/www.europesays.com\/pt\/wp-json\/wp\/v2\/users\/2"}],"replies":[{"embeddable":true,"href":"https:\/\/www.europesays.com\/pt\/wp-json\/wp\/v2\/comments?post=182506"}],"version-history":[{"count":0,"href":"https:\/\/www.europesays.com\/pt\/wp-json\/wp\/v2\/posts\/182506\/revisions"}],"wp:featuredmedia":[{"embeddable":true,"href":"https:\/\/www.europesays.com\/pt\/wp-json\/wp\/v2\/media\/182507"}],"wp:attachment":[{"href":"https:\/\/www.europesays.com\/pt\/wp-json\/wp\/v2\/media?parent=182506"}],"wp:term":[{"taxonomy":"category","embeddable":true,"href":"https:\/\/www.europesays.com\/pt\/wp-json\/wp\/v2\/categories?post=182506"},{"taxonomy":"post_tag","embeddable":true,"href":"https:\/\/www.europesays.com\/pt\/wp-json\/wp\/v2\/tags?post=182506"}],"curies":[{"name":"wp","href":"https:\/\/api.w.org\/{rel}","templated":true}]}}