{"id":182514,"date":"2025-12-10T09:06:14","date_gmt":"2025-12-10T09:06:14","guid":{"rendered":"https:\/\/www.europesays.com\/pt\/182514\/"},"modified":"2025-12-10T09:06:14","modified_gmt":"2025-12-10T09:06:14","slug":"reino-unido-pintam-lugar-de-deficientes-a-volta-de-carro-e-passam-multa","status":"publish","type":"post","link":"https:\/\/www.europesays.com\/pt\/182514\/","title":{"rendered":"Reino Unido. Pintam lugar de deficientes \u00e0 volta de carro e passam multa"},"content":{"rendered":"<p>Um homem brit\u00e2nico regressou das f\u00e9rias com uma surpresa: quatro multas estavam no para-brisas do seu carro, por estar estacionado num lugar de deficientes. O problema? Antes de o dono do ve\u00edculo ir de f\u00e9rias, o lugar de estacionamento n\u00e3o era reservado.<\/p>\n<p>A situa\u00e7\u00e3o caricata foi captada por c\u00e2maras de videovigil\u00e2ncia, em New Addington, a sul de Londres, que gravaram todos os segundos da transforma\u00e7\u00e3o do lugar. Primeiro, surge um trabalhador a medir a zona. Depois, o mesmo homem come\u00e7a a pintar os limites do novo estacionamento. Feito o trabalho, vai-se embora. De acordo com a data das imagens, o lugar foi &#8216;transformado&#8217; no dia 17 de outubro.<\/p>\n<p>Quatro dias depois, a 21 desse mesmo m\u00eas, uma funcion\u00e1ria de uma autoridade de fiscaliza\u00e7\u00e3o deste estacionamento, v\u00ea o carro estacionado num lugar de deficientes e passa a primeira multa. No dia seguinte, a mesma mulher regressa e volta a registar a infra\u00e7\u00e3o. A situa\u00e7\u00e3o assim continuou at\u00e9 o dono do ve\u00edculo regressar a casa e retirar o carro do lugar.<\/p>\n<p><a href=\"https:\/\/www.bbc.com\/news\/articles\/c1dzqpyqegeo\" target=\"_blank\" rel=\"noopener nofollow\">\u00c0 BBC<\/a>, o propriet\u00e1rio contou que durante as f\u00e9rias apercebeu-se do que estava a acontecer atrav\u00e9s destas mesmas imagens de videovigil\u00e2ncia.<\/p>\n<p>&#8220;Eu deixei de querer sair e de fazer as coisas que eu queria fazer, porque estava preocupado com a quantidade de multas que se estavam a acumular&#8221;, afirmou.<\/p>\n<p>Quando regressou das f\u00e9rias, encontrou duas das multas ainda no para-brisas do seu carro, mas as outras duas tinham sido retiradas por um desconhecido. O lugar reservado, descobriu depois, tinha sido colocado em resposta a um pedido de um residente da zona.<\/p>\n<p>O dono do carro, que preferiu manter o anonimato, disse compreender a import\u00e2ncia de ter o lugar de deficientes, mas criticou a falta de notifica\u00e7\u00e3o por parte do governo local antes de delimitar a zona. &#8220;\u00c9 a mesma coisa que fazer trabalhos na via &#8211; avisa-se as pessoas. Sem qualquer tipo de comunica\u00e7\u00e3o com a tua comunidade\u2026 Essa \u00e9 a maneira errada de fazer as coisas&#8221;, atirou.<\/p>\n<p>Ap\u00f3s o lugar ser pintado, o trabalhador que esteve no local, tirou uma fotografia ao carro para alertar o governo local para a situa\u00e7\u00e3o (e para que o carro n\u00e3o fosse multado). No entanto, devido a uma falha de comunica\u00e7\u00e3o, a informa\u00e7\u00e3o n\u00e3o chegou a quem fiscaliza as ruas.<\/p>\n<p>Ali\u00e1s, a situa\u00e7\u00e3o chegou mesmo \u00e0s redes sociais, onde os residentes da \u00e1rea, sabendo quem era o dono do carro, lan\u00e7aram uma onda de indigna\u00e7\u00e3o contra o homem, acreditando que ele tinha estacionado num lugar de deficientes de prop\u00f3sito.<\/p>\n<p>Foi em resposta a essas cr\u00edticas, que o propriet\u00e1rio decidiu publicar o v\u00eddeo nas redes sociais, repondo a verdade.<\/p>\n<p>&#8220;Deixou-me muito transtornado. Eu s\u00f3 pensei: &#8216;Porque \u00e9 que est\u00e3o a olhar para mim como se eu fosse o mau da fita?&#8217;. Mas eu percebo. Algu\u00e9m, obviamente, n\u00e3o sabia que eu tinha estacionado ali antes de o lugar ser reservado&#8221;, confessou.<\/p>\n<blockquote class=\"instagram-media\" style=\"background: #FFF; border: 0; border-radius: 3px; box-shadow: 0 0 1px 0 rgba(0,0,0,0.5),0 1px 10px 0 rgba(0,0,0,0.15); margin: 1px; max-width: 540px; min-width: 326px; padding: 0; width: calc(100% - 2px);\" data-instgrm-permalink=\"https:\/\/www.instagram.com\/reel\/DRzDPZcCIHP\/?utm_source=ig_embed&amp;utm_campaign=loading\" data-instgrm-version=\"14\"><p>&#13;<br \/>\n                                                    &#13;\n                                                    <\/p><\/blockquote>\n<p>Em resposta \u00e0 situa\u00e7\u00e3o, o governo local explicou que \u00e9 um &#8220;procedimento normal&#8221; que o lugar seja delimitado \u00e0 volta de carros estacionados: &#8220;De outra forma, teriam de esperar que o lugar ficasse vazio, o que pode demorar semanas&#8221;.<\/p>\n<p>&#8220;Infelizmente, um dos nossos assistentes de estacionamento n\u00e3o foi informado e emitiu multas de estacionamento. No entanto, estas n\u00e3o foram processadas como multas porque t\u00ednhamos uma nota no sistema&#8221;, continuou o governo local, acrescentando que as multas foram &#8220;canceladas uma semana antes de o v\u00eddeo ser partilhado nas redes sociais&#8221;.<\/p>\n<p>Leia Tamb\u00e9m: <a href=\"https:\/\/www.noticiasaominuto.com\/mundo\/2901828\/londres-anuncia-morte-de-militar-longe-da-linha-da-frentena-ucrania\" target=\"_blank\" rel=\"noopener noreferrer nofollow\">Londres anuncia morte de militar &#8220;longe da linha da frente&#8221;\u00a0na Ucr\u00e2nia<\/a><\/p>\n<p>                                            <script async src=\"\/\/www.instagram.com\/embed.js\"><\/script><\/p>\n","protected":false},"excerpt":{"rendered":"Um homem brit\u00e2nico regressou das f\u00e9rias com uma surpresa: quatro multas estavam no para-brisas do seu carro, por&hellip;\n","protected":false},"author":2,"featured_media":182515,"comment_status":"","ping_status":"","sticky":false,"template":"","format":"standard","meta":{"footnotes":""},"categories":[50],"tags":[27,28,15,16,14,25,26,21,22,62,12,13,19,20,23,24,17,18,29,30,31,63,64,65],"class_list":{"0":"post-182514","1":"post","2":"type-post","3":"status-publish","4":"format-standard","5":"has-post-thumbnail","7":"category-mundo","8":"tag-breaking-news","9":"tag-breakingnews","10":"tag-featured-news","11":"tag-featurednews","12":"tag-headlines","13":"tag-latest-news","14":"tag-latestnews","15":"tag-main-news","16":"tag-mainnews","17":"tag-mundo","18":"tag-news","19":"tag-noticias","20":"tag-noticias-principais","21":"tag-noticiasprincipais","22":"tag-principais-noticias","23":"tag-principaisnoticias","24":"tag-top-stories","25":"tag-topstories","26":"tag-ultimas","27":"tag-ultimas-noticias","28":"tag-ultimasnoticias","29":"tag-world","30":"tag-world-news","31":"tag-worldnews"},"share_on_mastodon":{"url":"https:\/\/pubeurope.com\/@pt\/115694481142437943","error":""},"_links":{"self":[{"href":"https:\/\/www.europesays.com\/pt\/wp-json\/wp\/v2\/posts\/182514","targetHints":{"allow":["GET"]}}],"collection":[{"href":"https:\/\/www.europesays.com\/pt\/wp-json\/wp\/v2\/posts"}],"about":[{"href":"https:\/\/www.europesays.com\/pt\/wp-json\/wp\/v2\/types\/post"}],"author":[{"embeddable":true,"href":"https:\/\/www.europesays.com\/pt\/wp-json\/wp\/v2\/users\/2"}],"replies":[{"embeddable":true,"href":"https:\/\/www.europesays.com\/pt\/wp-json\/wp\/v2\/comments?post=182514"}],"version-history":[{"count":0,"href":"https:\/\/www.europesays.com\/pt\/wp-json\/wp\/v2\/posts\/182514\/revisions"}],"wp:featuredmedia":[{"embeddable":true,"href":"https:\/\/www.europesays.com\/pt\/wp-json\/wp\/v2\/media\/182515"}],"wp:attachment":[{"href":"https:\/\/www.europesays.com\/pt\/wp-json\/wp\/v2\/media?parent=182514"}],"wp:term":[{"taxonomy":"category","embeddable":true,"href":"https:\/\/www.europesays.com\/pt\/wp-json\/wp\/v2\/categories?post=182514"},{"taxonomy":"post_tag","embeddable":true,"href":"https:\/\/www.europesays.com\/pt\/wp-json\/wp\/v2\/tags?post=182514"}],"curies":[{"name":"wp","href":"https:\/\/api.w.org\/{rel}","templated":true}]}}